{"id":1187,"date":"2026-08-25T16:00:03","date_gmt":"2026-08-25T14:00:03","guid":{"rendered":"https:\/\/api-colomiers.com\/victorhugo\/?p=1187"},"modified":"2026-08-26T10:54:30","modified_gmt":"2026-08-26T08:54:30","slug":"rentree-college-et-lycee-sept-2026","status":"publish","type":"post","link":"https:\/\/api-colomiers.com\/victorhugo\/rentree-college-et-lycee-sept-2026\/","title":{"rendered":"Rentr\u00e9e Coll\u00e8ge et Lyc\u00e9e Sept 2026"},"content":{"rendered":"\n<p class=\"has-black-color has-text-color has-link-color wp-elements-1 wp-block-paragraph\">Nous esp\u00e9rons que vos vacances ont \u00e9t\u00e9\u00a0bonnes et que les enfants sont pr\u00eats \u00e0 reprendre les cours.\u00a0Afin de savoir comment cette reprise des cours s&rsquo;effectuera, voici un message de la Section Internationale English 31 de la cite scolaire V. Hugo que nous diffusons ici pour informer les parents sur les modalit\u00e9s de la rentr\u00e9e scolaire Coll\u00e8ge et Lyc\u00e9e 2026: <\/p>\n\n\n\n<p class=\"has-black-color has-text-color has-link-color wp-elements-2 wp-block-paragraph\">Comme certains d\u2019entre vous l\u2019ont peut-\u00eatre entendu dans les m\u00e9dias, plusieurs plateformes num\u00e9riques de l\u2019\u00c9ducation nationale sont actuellement indisponibles \u00e0 la suite d\u2019une cyberattaque survenue au d\u00e9but de l\u2019\u00e9t\u00e9. Cette situation touche les \u00e9tablissements publics \u00e0 l\u2019\u00e9chelle nationale et, \u00e0 l\u2019heure actuelle, les \u00e9quipes administratives de Victor Hugo ne sont pas en mesure d\u2019envoyer ou de recevoir des courriels via les syst\u00e8mes habituels. Nous n\u2019avons pour le moment aucune visibilit\u00e9 pr\u00e9cise quant \u00e0 la date de r\u00e9tablissement complet de ces plateformes, notamment de l\u2019ENT.<\/p>\n\n\n\n<p class=\"has-black-color has-text-color has-link-color wp-elements-3 wp-block-paragraph\">Heureusement, la section Internationale\u00a0de la cite scolaire V. Hugo English 31 utilise ses propres moyens de communications et peut relayer les informations fourni par la Direction concernant l\u2019organisation de la rentr\u00e9e.<\/p>\n\n\n\n<p class=\"has-black-color has-text-color has-background has-link-color wp-elements-4 wp-block-paragraph\" style=\"background-color:#fdf3d9\"><em><mark style=\"background-color:rgba(0, 0, 0, 0)\" class=\"has-inline-color has-vivid-red-color\"><strong>Lundi 31 ao\u00fbt 2026<\/strong><\/mark><\/em><br>Rentr\u00e9e des personnels \u2013 pas de cours pour les \u00e9l\u00e8ves<\/p>\n\n\n\n<p class=\"has-black-color has-text-color has-background has-link-color wp-elements-5 wp-block-paragraph\" style=\"background-color:#d9fdf3\"><em><strong><mark style=\"background-color:rgba(0, 0, 0, 0);color:#00754a\" class=\"has-inline-color\">Mardi 1er septembre 2026<\/mark><\/strong><\/em><br><strong>Rentr\u00e9e des \u00e9l\u00e8ves de 6\u00e8me et de 2nde : 8h15\u201317h00<\/strong><br>Pas de cours pour le reste des \u00e9l\u00e8ves.<\/p>\n\n\n\n<p class=\"has-black-color has-text-color has-background has-link-color wp-elements-6 wp-block-paragraph\" style=\"background-color:#d9dffd\"><em><mark style=\"background-color:rgba(0, 0, 0, 0)\" class=\"has-inline-color has-vivid-cyan-blue-color\"><strong>Mercredi 2 septembre 2026<\/strong><\/mark><\/em><br>Il n\u2019y aura <strong>pas de cours pour les \u00e9l\u00e8ves de 6\u00e8me et de 2nde.<\/strong><br><br>Coll\u00e8ge<br>&nbsp; &nbsp; <strong>5\u00e8me : 8h15\u201312h10<br>&nbsp; &nbsp; 4\u00e8me : 9h10\u201312h10<br>&nbsp; &nbsp; 3\u00e8me : 10h15\u201312h10<\/strong><br>Lyc\u00e9e<br><strong>1\u00e8re et Terminale : 8h15\u201312h10<\/strong><\/p>\n\n\n\n<p class=\"has-black-color has-text-color has-background has-link-color wp-elements-7 wp-block-paragraph\" style=\"background-color:#fffae0\"><strong><em><mark style=\"background-color:rgba(0, 0, 0, 0)\" class=\"has-inline-color has-luminous-vivid-orange-color\">Jeudi 3 septembre<\/mark><\/em><\/strong><br><strong>Les cours reprendront normalement pour tous les \u00e9l\u00e8ves selon les emplois du temps<\/strong>.<\/p>\n\n\n\n<p class=\"has-black-color has-text-color has-link-color wp-elements-8 wp-block-paragraph\">Bonne rentr\u00e9e \u00e0 toutes et \u00e0 tous.<\/p>\n\n\n\n<p class=\"has-black-color has-text-color has-link-color wp-elements-9 wp-block-paragraph\"><\/p>\n","protected":false},"excerpt":{"rendered":"<p>Nous esp\u00e9rons que vos vacances ont \u00e9t\u00e9\u00a0bonnes et que les enfants sont pr\u00eats \u00e0 reprendre les cours.\u00a0Afin de savoir comment cette reprise des cours s&rsquo;effectuera, voici un message de la Section Internationale English 31 de la cite scolaire V. Hugo<\/p>\n","protected":false},"author":3,"featured_media":0,"comment_status":"closed","ping_status":"closed","sticky":false,"template":"","format":"standard","meta":{"_seopress_titles_title":"","_seopress_titles_desc":"","_seopress_robots_index":"","_seopress_robots_follow":"","_seopress_robots_imageindex":"","_seopress_robots_snippet":"","_seopress_robots_primary_cat":"","_seopress_robots_breadcrumbs":"","_seopress_robots_freeze_modified_date":"","_seopress_robots_custom_modified_date":"","_seopress_robots_canonical":"","_seopress_social_fb_title":"","_seopress_social_fb_desc":"","_seopress_social_fb_img":"","_seopress_social_fb_img_attachment_id":0,"_seopress_social_fb_img_width":0,"_seopress_social_fb_img_height":0,"_seopress_social_twitter_title":"","_seopress_social_twitter_desc":"","_seopress_social_twitter_img":"","_seopress_social_twitter_img_attachment_id":0,"_seopress_social_twitter_img_width":0,"_seopress_social_twitter_img_height":0,"_seopress_redirections_value":"","_seopress_redirections_enabled":"","_seopress_redirections_enabled_regex":"","_seopress_redirections_logged_status":"","_seopress_redirections_param":"","_seopress_redirections_type":0,"_seopress_analysis_target_kw":"","footnotes":""},"categories":[1],"tags":[37],"class_list":["post-1187","post","type-post","status-publish","format-standard","hentry","category-non-classe","tag-rentree"],"_links":{"self":[{"href":"https:\/\/api-colomiers.com\/victorhugo\/wp-json\/wp\/v2\/posts\/1187","targetHints":{"allow":["GET"]}}],"collection":[{"href":"https:\/\/api-colomiers.com\/victorhugo\/wp-json\/wp\/v2\/posts"}],"about":[{"href":"https:\/\/api-colomiers.com\/victorhugo\/wp-json\/wp\/v2\/types\/post"}],"author":[{"embeddable":true,"href":"https:\/\/api-colomiers.com\/victorhugo\/wp-json\/wp\/v2\/users\/3"}],"replies":[{"embeddable":true,"href":"https:\/\/api-colomiers.com\/victorhugo\/wp-json\/wp\/v2\/comments?post=1187"}],"version-history":[{"count":4,"href":"https:\/\/api-colomiers.com\/victorhugo\/wp-json\/wp\/v2\/posts\/1187\/revisions"}],"predecessor-version":[{"id":1193,"href":"https:\/\/api-colomiers.com\/victorhugo\/wp-json\/wp\/v2\/posts\/1187\/revisions\/1193"}],"wp:attachment":[{"href":"https:\/\/api-colomiers.com\/victorhugo\/wp-json\/wp\/v2\/media?parent=1187"}],"wp:term":[{"taxonomy":"category","embeddable":true,"href":"https:\/\/api-colomiers.com\/victorhugo\/wp-json\/wp\/v2\/categories?post=1187"},{"taxonomy":"post_tag","embeddable":true,"href":"https:\/\/api-colomiers.com\/victorhugo\/wp-json\/wp\/v2\/tags?post=1187"}],"curies":[{"name":"wp","href":"https:\/\/api.w.org\/{rel}","templated":true}]}}