{"id":598,"date":"2016-05-15T09:26:05","date_gmt":"2016-05-15T07:26:05","guid":{"rendered":"http:\/\/api-colomiers.com\/lucieaubrac\/?p=598"},"modified":"2016-05-15T09:27:45","modified_gmt":"2016-05-15T07:27:45","slug":"conference-decouverte-education-bienveillante-mardi-17-mai","status":"publish","type":"post","link":"https:\/\/api-colomiers.com\/lucieaubrac\/2016\/05\/conference-decouverte-education-bienveillante-mardi-17-mai\/","title":{"rendered":"Education bienveillante: conf\u00e9rence-d\u00e9couverte (mardi 17 mai)"},"content":{"rendered":"<h1 class=\"\">Education bienveillante : conf\u00e9rence-d\u00e9couverte (mardi 17 mai)<\/h1>\n<div><\/div>\n<div>\n<p>\u00a0<a href=\"http:\/\/www.api-colomiers.com\/heleneboucher\/wp-content\/uploads\/2016\/05\/Famille_Eco_3.jpg\" target=\"_blank\"><img loading=\"lazy\" decoding=\"async\" class=\"\" src=\"https:\/\/blu184.mail.live.com\/Handlers\/ImageProxy.mvc?bicild=&amp;canary=HYfzkQgKQXu7gvK%2fZi%2bXXtNAOdE5SssKr92km7FBOrU%3d0&amp;url=http%3a%2f%2fwww.api-colomiers.com%2fheleneboucher%2fwp-content%2fuploads%2f2016%2f05%2fFamille_Eco_3-278x300.jpg\" alt=\"Famille_Eco_3\" width=\"278\" height=\"300\" \/><\/a><\/p>\n<p>Depuis plusieurs mois, l\u2019id\u00e9e trottait dans la t\u00eate des \u00e9quipes API de la ville. Comment participer \u00e0 la promotion d\u2019une communication bas\u00e9e sur l\u2019\u00e9coute et le respect de l\u2019autre, sans \u00e9luder le rappel des r\u00e8gles et des principes ? Comment diffuser les pr\u00e9ceptes de l\u2019\u00e9ducation bienveillante, construits par I. Filliozat, C. Gueguen, A. Faber, E. Mazlich et bien d\u2019autres ?<\/p>\n<p>Le Centre de ressources pour la non-violence propose des interventions sur ce sujet. Elizabeth Clerc, formatrice, nous fait l\u2019honneur de venir pr\u00e9senter les grands noms et id\u00e9es principales de ce mode d\u2019\u00e9ducation, qui permet \u00e0 chacun de grandir et de s\u2019\u00e9panouir, en famille, entre copains, \u00e0 l\u2019\u00e9cole, \u00e0 la garderie, au club de sport\u2026<\/p>\n<p>Pas de recettes-miracles, pas de protocole\u2026 seulement des exemples concrets de situations v\u00e9cues, entra\u00eenant cris et frustrations, qui peuvent \u00eatre d\u00e9nou\u00e9s par une \u00e9coute bienveillante. Toutes les personnes intervenant aupr\u00e8s d\u2019enfants sont concern\u00e9es : parents, enseignants, ATSEM, assistantes maternelles, animateurs, \u00e9ducateurs, babysitters\u2026<\/p>\n<p>Nous vous invitons \u00e0 d\u00e9couvrir ou explorer davantage ce champ de communication, \u00e0 appliquer sans mod\u00e9ration !<\/p>\n<p>La librairie\u00a0<strong>La Pr\u00e9face<\/strong>\u00a0proposera \u00e0 la vente des ouvrages en rapport avec le sujet trait\u00e9. L\u2019\u00e9quipe API tiendra un stand de vente de g\u00e2teaux et caf\u00e9, au b\u00e9n\u00e9fice du Centre de ressources.<\/p>\n<p>Venez nombreux mardi 17 mai \u00e0 20h30, salle n\u00b05 place du Cantal !<\/p>\n<p>L\u2019\u00e9quipe API<\/p>\n<p><em>Pour aller plus loin :<\/em><\/p>\n<p><a href=\"http:\/\/www.non-violence-mp.org\/category\/crnv\/actucentre\/\" target=\"_blank\">http:\/\/www.non-violence-mp.org\/category\/crnv\/actucentre\/<\/a><\/p>\n<\/div>\n","protected":false},"excerpt":{"rendered":"<p>Education bienveillante : conf\u00e9rence-d\u00e9couverte (mardi 17 mai) \u00a0 Depuis plusieurs mois, l\u2019id\u00e9e trottait dans la t\u00eate des \u00e9quipes API de la ville. Comment participer \u00e0 la promotion d\u2019une communication bas\u00e9e sur l\u2019\u00e9coute et le respect de l\u2019autre, sans \u00e9luder le<\/p>\n","protected":false},"author":1,"featured_media":0,"comment_status":"closed","ping_status":"closed","sticky":false,"template":"","format":"standard","meta":{"footnotes":""},"categories":[20,18,7],"tags":[],"class_list":["post-598","post","type-post","status-publish","format-standard","hentry","category-elementaire","category-evenement","category-maternelle"],"_links":{"self":[{"href":"https:\/\/api-colomiers.com\/lucieaubrac\/wp-json\/wp\/v2\/posts\/598","targetHints":{"allow":["GET"]}}],"collection":[{"href":"https:\/\/api-colomiers.com\/lucieaubrac\/wp-json\/wp\/v2\/posts"}],"about":[{"href":"https:\/\/api-colomiers.com\/lucieaubrac\/wp-json\/wp\/v2\/types\/post"}],"author":[{"embeddable":true,"href":"https:\/\/api-colomiers.com\/lucieaubrac\/wp-json\/wp\/v2\/users\/1"}],"replies":[{"embeddable":true,"href":"https:\/\/api-colomiers.com\/lucieaubrac\/wp-json\/wp\/v2\/comments?post=598"}],"version-history":[{"count":2,"href":"https:\/\/api-colomiers.com\/lucieaubrac\/wp-json\/wp\/v2\/posts\/598\/revisions"}],"predecessor-version":[{"id":600,"href":"https:\/\/api-colomiers.com\/lucieaubrac\/wp-json\/wp\/v2\/posts\/598\/revisions\/600"}],"wp:attachment":[{"href":"https:\/\/api-colomiers.com\/lucieaubrac\/wp-json\/wp\/v2\/media?parent=598"}],"wp:term":[{"taxonomy":"category","embeddable":true,"href":"https:\/\/api-colomiers.com\/lucieaubrac\/wp-json\/wp\/v2\/categories?post=598"},{"taxonomy":"post_tag","embeddable":true,"href":"https:\/\/api-colomiers.com\/lucieaubrac\/wp-json\/wp\/v2\/tags?post=598"}],"curies":[{"name":"wp","href":"https:\/\/api.w.org\/{rel}","templated":true}]}}