{"id":564,"date":"2016-03-20T21:40:17","date_gmt":"2016-03-20T20:40:17","guid":{"rendered":"http:\/\/api-colomiers.com\/lucieaubrac\/?p=564"},"modified":"2016-03-20T22:06:14","modified_gmt":"2016-03-20T21:06:14","slug":"conference-petite-enfance-enfance","status":"publish","type":"post","link":"https:\/\/api-colomiers.com\/lucieaubrac\/2016\/03\/conference-petite-enfance-enfance\/","title":{"rendered":"Conf\u00e9rence &#8211; Petite enfance, enfance"},"content":{"rendered":"<p>Bonjour,<\/p>\n<p>La semaine prochaine, le 1 Avril, \u00a0aura lieu une conf\u00e9rence \u00e0 Colomiers sur le th\u00e8me \u00ab\u00a0\u00c9galit\u00e9 fille\/gar\u00e7on : quels enjeux d\u00e8s le plus jeune \u00e2ge\u00a0\u00bb. Elle sera anim\u00e9e par le\u00a0psychosociologue Jean Epstein et l\u2019association Artemisia. Rendez-vous \u00e0 20h30 salle Gascogne. Pour plus d&rsquo;information:<\/p>\n<p><a href=\"http:\/\/www.ville-colomiers.fr\/index.php\/Agenda?idpage=216&amp;idmetacontenu=9462\">http:\/\/www.ville-colomiers.fr\/index.php\/Agenda?idpage=216&amp;idmetacontenu=9462<\/a><\/p>\n<p>L&rsquo;\u00e9quipe API<\/p>\n","protected":false},"excerpt":{"rendered":"<p>Bonjour, La semaine prochaine, le 1 Avril, \u00a0aura lieu une conf\u00e9rence \u00e0 Colomiers sur le th\u00e8me \u00ab\u00a0\u00c9galit\u00e9 fille\/gar\u00e7on : quels enjeux d\u00e8s le plus jeune \u00e2ge\u00a0\u00bb. Elle sera anim\u00e9e par le\u00a0psychosociologue Jean Epstein et l\u2019association Artemisia. Rendez-vous \u00e0 20h30 salle<\/p>\n","protected":false},"author":1,"featured_media":0,"comment_status":"closed","ping_status":"closed","sticky":false,"template":"","format":"standard","meta":{"footnotes":""},"categories":[20,7],"tags":[],"class_list":["post-564","post","type-post","status-publish","format-standard","hentry","category-elementaire","category-maternelle"],"_links":{"self":[{"href":"https:\/\/api-colomiers.com\/lucieaubrac\/wp-json\/wp\/v2\/posts\/564","targetHints":{"allow":["GET"]}}],"collection":[{"href":"https:\/\/api-colomiers.com\/lucieaubrac\/wp-json\/wp\/v2\/posts"}],"about":[{"href":"https:\/\/api-colomiers.com\/lucieaubrac\/wp-json\/wp\/v2\/types\/post"}],"author":[{"embeddable":true,"href":"https:\/\/api-colomiers.com\/lucieaubrac\/wp-json\/wp\/v2\/users\/1"}],"replies":[{"embeddable":true,"href":"https:\/\/api-colomiers.com\/lucieaubrac\/wp-json\/wp\/v2\/comments?post=564"}],"version-history":[{"count":2,"href":"https:\/\/api-colomiers.com\/lucieaubrac\/wp-json\/wp\/v2\/posts\/564\/revisions"}],"predecessor-version":[{"id":572,"href":"https:\/\/api-colomiers.com\/lucieaubrac\/wp-json\/wp\/v2\/posts\/564\/revisions\/572"}],"wp:attachment":[{"href":"https:\/\/api-colomiers.com\/lucieaubrac\/wp-json\/wp\/v2\/media?parent=564"}],"wp:term":[{"taxonomy":"category","embeddable":true,"href":"https:\/\/api-colomiers.com\/lucieaubrac\/wp-json\/wp\/v2\/categories?post=564"},{"taxonomy":"post_tag","embeddable":true,"href":"https:\/\/api-colomiers.com\/lucieaubrac\/wp-json\/wp\/v2\/tags?post=564"}],"curies":[{"name":"wp","href":"https:\/\/api.w.org\/{rel}","templated":true}]}}