{"id":385,"date":"2015-09-14T11:40:48","date_gmt":"2015-09-14T09:40:48","guid":{"rendered":"http:\/\/api-colomiers.com\/lucieaubrac\/?p=385"},"modified":"2015-09-17T23:11:24","modified_gmt":"2015-09-17T21:11:24","slug":"elementaire-reunions-dinformation-des-classes","status":"publish","type":"post","link":"https:\/\/api-colomiers.com\/lucieaubrac\/2015\/09\/elementaire-reunions-dinformation-des-classes\/","title":{"rendered":"R\u00e9unions d&rsquo;information des classes"},"content":{"rendered":"<p>A l&rsquo;\u00e9cole \u00e9l\u00e9mentaire, les r\u00e9unions d&rsquo;information auront lieu aux dates suivantes :<\/p>\n<ul>\n<li>Classe UPE2A : le lundi 14 Septembre\u00a0\u00e0 16h30<\/li>\n<li>Classes de CP: le lundi 14 Septembre \u00e0 17h30<\/li>\n<li>Classes de CP\/CE1 et de CE1: le\u00a0mardi 15 Septembre \u00e0 17h30<\/li>\n<li>Classes de CE2: le vendredi 25 Septembre\u00a0\u00e0 17h<\/li>\n<li>Classes de CE2\/CM1:\u00a0le mardi 22 Septembre\u00a0\u00e0 18h<\/li>\n<li>Classes de CM2: le jeudi 24 Septembre\u00a0\u00e0 18h<\/li>\n<\/ul>\n<p>A l&rsquo;\u00e9cole maternelle, les r\u00e9unions auront lieu aux dates suivantes :<\/p>\n<ul>\n<li>Classe de Genevi\u00e8ve : le lundi 21 Septembre \u00e0 18h15<\/li>\n<li>Classe de Nathalie : le jeudi 24 Septembre \u00e0 17h45<\/li>\n<li>Classes de Marie-Louise, Elisabeth et Edwige : le jeudi 17 Septembre \u00e0 17h30<\/li>\n<li>Classe de Anne T. (moyen)\u00a0: le vendredi 18 Septembre \u00e0 17h45<\/li>\n<li>Classe de Anne B. (moyen et grand) : \u00a0le lundi 21 Septembre \u00e0 18h<\/li>\n<\/ul>\n<p><span style=\"color: #3366ff;\">Pour la maternelle, la pr\u00e9sence des parents est <strong>vivement<\/strong> requise, <span style=\"text-decoration: underline;\">sans les enfants<\/span>.<\/span><\/p>\n<p>Bonne journ\u00e9e,<\/p>\n","protected":false},"excerpt":{"rendered":"<p>A l&rsquo;\u00e9cole \u00e9l\u00e9mentaire, les r\u00e9unions d&rsquo;information auront lieu aux dates suivantes : Classe UPE2A : le lundi 14 Septembre\u00a0\u00e0 16h30 Classes de CP: le lundi 14 Septembre \u00e0 17h30 Classes de CP\/CE1 et de CE1: le\u00a0mardi 15 Septembre \u00e0 17h30<\/p>\n","protected":false},"author":1,"featured_media":0,"comment_status":"closed","ping_status":"closed","sticky":false,"template":"","format":"standard","meta":{"footnotes":""},"categories":[20,7],"tags":[],"class_list":["post-385","post","type-post","status-publish","format-standard","hentry","category-elementaire","category-maternelle"],"_links":{"self":[{"href":"https:\/\/api-colomiers.com\/lucieaubrac\/wp-json\/wp\/v2\/posts\/385","targetHints":{"allow":["GET"]}}],"collection":[{"href":"https:\/\/api-colomiers.com\/lucieaubrac\/wp-json\/wp\/v2\/posts"}],"about":[{"href":"https:\/\/api-colomiers.com\/lucieaubrac\/wp-json\/wp\/v2\/types\/post"}],"author":[{"embeddable":true,"href":"https:\/\/api-colomiers.com\/lucieaubrac\/wp-json\/wp\/v2\/users\/1"}],"replies":[{"embeddable":true,"href":"https:\/\/api-colomiers.com\/lucieaubrac\/wp-json\/wp\/v2\/comments?post=385"}],"version-history":[{"count":4,"href":"https:\/\/api-colomiers.com\/lucieaubrac\/wp-json\/wp\/v2\/posts\/385\/revisions"}],"predecessor-version":[{"id":395,"href":"https:\/\/api-colomiers.com\/lucieaubrac\/wp-json\/wp\/v2\/posts\/385\/revisions\/395"}],"wp:attachment":[{"href":"https:\/\/api-colomiers.com\/lucieaubrac\/wp-json\/wp\/v2\/media?parent=385"}],"wp:term":[{"taxonomy":"category","embeddable":true,"href":"https:\/\/api-colomiers.com\/lucieaubrac\/wp-json\/wp\/v2\/categories?post=385"},{"taxonomy":"post_tag","embeddable":true,"href":"https:\/\/api-colomiers.com\/lucieaubrac\/wp-json\/wp\/v2\/tags?post=385"}],"curies":[{"name":"wp","href":"https:\/\/api.w.org\/{rel}","templated":true}]}}