{"id":2926,"date":"2021-12-10T07:37:38","date_gmt":"2021-12-10T06:37:38","guid":{"rendered":"http:\/\/api-colomiers.com\/lucieaubrac\/?p=2926"},"modified":"2021-12-10T07:37:38","modified_gmt":"2021-12-10T06:37:38","slug":"preavis-de-greve-mardi-14-et-mercredi-15-decembre-2021","status":"publish","type":"post","link":"https:\/\/api-colomiers.com\/lucieaubrac\/2021\/12\/preavis-de-greve-mardi-14-et-mercredi-15-decembre-2021\/","title":{"rendered":"Pr\u00e9avis de gr\u00e8ve : mardi 14 et mercredi 15 d\u00e9cembre 2021"},"content":{"rendered":"\n<p>Un pr\u00e9avis de gr\u00e8ve est d\u00e9pos\u00e9 pour la semaine prochaine. Attention il concerne \u00e9galement le centre de loisirs du Cabirol. <\/p>\n\n\n\n<figure class=\"wp-block-image\"><img loading=\"lazy\" decoding=\"async\" width=\"1024\" height=\"768\" src=\"https:\/\/api-colomiers.com\/lucieaubrac\/wp-content\/uploads\/IMG_20211209_134920-1024x768.jpg\" alt=\"\" class=\"wp-image-2927\" srcset=\"https:\/\/api-colomiers.com\/lucieaubrac\/wp-content\/uploads\/IMG_20211209_134920-1024x768.jpg 1024w, https:\/\/api-colomiers.com\/lucieaubrac\/wp-content\/uploads\/IMG_20211209_134920-300x225.jpg 300w, https:\/\/api-colomiers.com\/lucieaubrac\/wp-content\/uploads\/IMG_20211209_134920-768x576.jpg 768w, https:\/\/api-colomiers.com\/lucieaubrac\/wp-content\/uploads\/IMG_20211209_134920-1320x990.jpg 1320w\" sizes=\"auto, (max-width: 1024px) 100vw, 1024px\" \/><\/figure>\n","protected":false},"excerpt":{"rendered":"<p>Un pr\u00e9avis de gr\u00e8ve est d\u00e9pos\u00e9 pour la semaine prochaine. Attention il concerne \u00e9galement le centre de loisirs du Cabirol.<\/p>\n","protected":false},"author":9,"featured_media":0,"comment_status":"closed","ping_status":"closed","sticky":false,"template":"","format":"standard","meta":{"footnotes":""},"categories":[17,19,20,7],"tags":[],"class_list":["post-2926","post","type-post","status-publish","format-standard","hentry","category-alae","category-cabirol","category-elementaire","category-maternelle"],"_links":{"self":[{"href":"https:\/\/api-colomiers.com\/lucieaubrac\/wp-json\/wp\/v2\/posts\/2926","targetHints":{"allow":["GET"]}}],"collection":[{"href":"https:\/\/api-colomiers.com\/lucieaubrac\/wp-json\/wp\/v2\/posts"}],"about":[{"href":"https:\/\/api-colomiers.com\/lucieaubrac\/wp-json\/wp\/v2\/types\/post"}],"author":[{"embeddable":true,"href":"https:\/\/api-colomiers.com\/lucieaubrac\/wp-json\/wp\/v2\/users\/9"}],"replies":[{"embeddable":true,"href":"https:\/\/api-colomiers.com\/lucieaubrac\/wp-json\/wp\/v2\/comments?post=2926"}],"version-history":[{"count":1,"href":"https:\/\/api-colomiers.com\/lucieaubrac\/wp-json\/wp\/v2\/posts\/2926\/revisions"}],"predecessor-version":[{"id":2928,"href":"https:\/\/api-colomiers.com\/lucieaubrac\/wp-json\/wp\/v2\/posts\/2926\/revisions\/2928"}],"wp:attachment":[{"href":"https:\/\/api-colomiers.com\/lucieaubrac\/wp-json\/wp\/v2\/media?parent=2926"}],"wp:term":[{"taxonomy":"category","embeddable":true,"href":"https:\/\/api-colomiers.com\/lucieaubrac\/wp-json\/wp\/v2\/categories?post=2926"},{"taxonomy":"post_tag","embeddable":true,"href":"https:\/\/api-colomiers.com\/lucieaubrac\/wp-json\/wp\/v2\/tags?post=2926"}],"curies":[{"name":"wp","href":"https:\/\/api.w.org\/{rel}","templated":true}]}}