{"id":2597,"date":"2020-11-21T13:09:49","date_gmt":"2020-11-21T12:09:49","guid":{"rendered":"http:\/\/api-colomiers.com\/lucieaubrac\/?p=2597"},"modified":"2020-11-21T13:09:49","modified_gmt":"2020-11-21T12:09:49","slug":"inscription-cabirol-vacances-de-noel-2020","status":"publish","type":"post","link":"https:\/\/api-colomiers.com\/lucieaubrac\/2020\/11\/inscription-cabirol-vacances-de-noel-2020\/","title":{"rendered":"Inscription Cabirol \u2013 Vacances de No\u00ebl 2020"},"content":{"rendered":"\n<p><strong>Les r\u00e9servations sont ouvertes du 16 novembre au 2 d\u00e9cembre 2020 minuit<\/strong>&nbsp;<strong>sur le<\/strong>&nbsp;<strong><a href=\"https:\/\/portailfamille-colomiers.ciril.net\/guard\/login\" target=\"_blank\" rel=\"noreferrer noopener\">Portail Famille<\/a><\/strong><\/p>\n\n\n\n<p><strong>Pour les vacances de No\u00ebl, tous les enfants seront accueillis sur un seul centre celui du CABIROL<\/strong><\/p>\n\n\n\n<p>3 modalit\u00e9s d\u2019inscriptions sont propos\u00e9s :<\/p>\n\n\n\n<ul class=\"wp-block-list\"><li>A la journ\u00e9e&nbsp;: arriv\u00e9e entre 7h30 et 9h30 et d\u00e9part entre 16h30 et 18h30<\/li><li>la matin\u00e9e sans repas&nbsp;: arriv\u00e9e entre 7h30 et 9h30 et d\u00e9part entre 11h30 et 12h15<\/li><li>l\u2019apr\u00e8s-midi&nbsp;sans repas: arriv\u00e9e entre 13h30 et 14h et d\u00e9part entre 16h30 et 18h30<\/li><\/ul>\n\n\n\n<p><strong>IMPORTANT&nbsp;= pour les jeudis 24 et 31 d\u00e9cembre le Centre de Loisirs fermera ses portes \u00e0 14h.<\/strong><\/p>\n\n\n\n<p><strong>Pour ces 2 journ\u00e9es,&nbsp; la r\u00e9servation reste une saisie \u00e0 la journ\u00e9e si l\u2019enfant prend son repas et sinon une matin\u00e9e si l\u2019enfant part avant le repas.<\/strong><\/p>\n\n\n\n<p>Suite \u00e0 l\u2019annonce du &nbsp;renforcement du protocole sanitaire, l\u2019accueil des enfants au centre de loisirs du Cabirol est maintenu dans les m\u00eames conditions que celles en vigueur depuis la rentr\u00e9e scolaire de septembre.<\/p>\n\n\n\n<p><strong>Cependant le port du masque devient obligatoire pour les enfants \u00e0 partir de 6 ans.<\/strong><\/p>\n\n\n\n<p>&nbsp;Pour rappel : La r\u00e9servation des bus se fait&nbsp;<em><strong>\u00e0 l\u2019ann\u00e9e<\/strong><\/em>&nbsp;dans le cadre de l\u2019inscription annuelle&nbsp;et ne peut \u00eatre modifi\u00e9e en cours d\u2019ann\u00e9e (circuit, arr\u00eat).<\/p>\n","protected":false},"excerpt":{"rendered":"<p>Les r\u00e9servations sont ouvertes du 16 novembre au 2 d\u00e9cembre 2020 minuit&nbsp;sur le&nbsp;Portail Famille Pour les vacances de No\u00ebl, tous les enfants seront accueillis sur un seul centre celui du CABIROL 3 modalit\u00e9s d\u2019inscriptions sont propos\u00e9s : A la journ\u00e9e&nbsp;:<\/p>\n","protected":false},"author":9,"featured_media":0,"comment_status":"closed","ping_status":"closed","sticky":false,"template":"","format":"standard","meta":{"footnotes":""},"categories":[17,19,20,7],"tags":[],"class_list":["post-2597","post","type-post","status-publish","format-standard","hentry","category-alae","category-cabirol","category-elementaire","category-maternelle"],"_links":{"self":[{"href":"https:\/\/api-colomiers.com\/lucieaubrac\/wp-json\/wp\/v2\/posts\/2597","targetHints":{"allow":["GET"]}}],"collection":[{"href":"https:\/\/api-colomiers.com\/lucieaubrac\/wp-json\/wp\/v2\/posts"}],"about":[{"href":"https:\/\/api-colomiers.com\/lucieaubrac\/wp-json\/wp\/v2\/types\/post"}],"author":[{"embeddable":true,"href":"https:\/\/api-colomiers.com\/lucieaubrac\/wp-json\/wp\/v2\/users\/9"}],"replies":[{"embeddable":true,"href":"https:\/\/api-colomiers.com\/lucieaubrac\/wp-json\/wp\/v2\/comments?post=2597"}],"version-history":[{"count":1,"href":"https:\/\/api-colomiers.com\/lucieaubrac\/wp-json\/wp\/v2\/posts\/2597\/revisions"}],"predecessor-version":[{"id":2598,"href":"https:\/\/api-colomiers.com\/lucieaubrac\/wp-json\/wp\/v2\/posts\/2597\/revisions\/2598"}],"wp:attachment":[{"href":"https:\/\/api-colomiers.com\/lucieaubrac\/wp-json\/wp\/v2\/media?parent=2597"}],"wp:term":[{"taxonomy":"category","embeddable":true,"href":"https:\/\/api-colomiers.com\/lucieaubrac\/wp-json\/wp\/v2\/categories?post=2597"},{"taxonomy":"post_tag","embeddable":true,"href":"https:\/\/api-colomiers.com\/lucieaubrac\/wp-json\/wp\/v2\/tags?post=2597"}],"curies":[{"name":"wp","href":"https:\/\/api.w.org\/{rel}","templated":true}]}}