{"id":2594,"date":"2020-11-21T13:05:08","date_gmt":"2020-11-21T12:05:08","guid":{"rendered":"http:\/\/api-colomiers.com\/lucieaubrac\/?p=2594"},"modified":"2021-06-05T09:22:06","modified_gmt":"2021-06-05T07:22:06","slug":"la-recette-de-la-semaine-le-brownie","status":"publish","type":"post","link":"https:\/\/api-colomiers.com\/lucieaubrac\/2020\/11\/la-recette-de-la-semaine-le-brownie\/","title":{"rendered":"La recette de la semaine : le Brownie"},"content":{"rendered":"\n<p style=\"text-align:center\" class=\"has-medium-font-size\"><strong>Brownies au chocolat<\/strong><strong>&nbsp;<\/strong><\/p>\n\n\n\n<figure class=\"wp-block-image\"><img decoding=\"async\" src=\"https:\/\/lh4.googleusercontent.com\/ZzFOV3000XfjNP-2wszEtdcM6Xy9P9031YB1xFgM6zhbUl-cTAxAVeEk8PRz30LbOoJaMt9EmvsexWHZA6Q5d9qN7DZxIIXB62SzhxpjacCaS_FTK6nFxG67T23EnCxB5u7HOkpmN1jmRXdvRg\" alt=\"Afficher l\u2019image source\"\/><\/figure>\n\n\n\n<p><a href=\"https:\/\/www.bing.com\/images\/search?view=detailV2&amp;ccid=mghqmQMZ&amp;id=7BA7D37F7E53DF623C3F972B1990E4477CBFA7A1&amp;thid=OIP.mghqmQMZ7aSkKny-F8jYlgHaEt&amp;mediaurl=http%3a%2f%2frecettespecial.com%2fwp-content%2fuploads%2f2016%2f02%2fgateau-au-yaourt-sans-oeuf.jpg&amp;exph=785&amp;expw=1235&amp;q=image+gateau+au+yaourt&amp;simid=608043541046233369&amp;ck=1C46C7E5C0120246FA36FEDCD06DA355&amp;selectedIndex=3&amp;FORM=IRPRST\"><\/a><\/p>\n\n\n\n<p><strong>Ingr\u00e9dients&nbsp;:<\/strong><\/p>\n\n\n\n<p>250 g de chocolat noir<\/p>\n\n\n\n<p>50 g de sucre en poudre<\/p>\n\n\n\n<p>150 g de beurre<\/p>\n\n\n\n<p>1 sachet de sucre vanill\u00e9<\/p>\n\n\n\n<p>60 g de farine tamis\u00e9e<\/p>\n\n\n\n<p>3 \u0153ufs<\/p>\n\n\n\n<p>1 pinc\u00e9e de sel<\/p>\n\n\n\n<p><strong>Recette&nbsp;:<\/strong><br><\/p>\n\n\n\n<ol class=\"wp-block-list\"><li>Pr\u00e9chauffez le four th.6 (180C\u00b0)<\/li><li>Faites fondre le beurre dans une petite casserole sur feu doux, puis ajoutez le chocolat noir cass\u00e9 en morceaux. Laissez fondre doucement au bain-marie.<\/li><li>Hors du feu, ajoutez le sucre en poudre, le sucre vanill\u00e9 puis les \u0153ufs battus en omelette avec une pinc\u00e9e de sel.<\/li><li>Ajoutez la farine et m\u00e9langez bien.<\/li><li>Badigeonnez un moule carr\u00e9 de beurre, puis versez-y le m\u00e9lange et enfournez pour 15 min.<\/li><li>Laissez ensuite reposer 5 min dans le four \u00e9teint, puis refroidir environ 1\/2 heure. Placez au r\u00e9frig\u00e9rateur au moins 2 heures.<\/li><li>D\u00e9moulez et coupez en parts individuelles.<\/li><\/ol>\n\n\n\n<h6 class=\"wp-block-heading\"><strong>ASTUCES<\/strong><\/h6>\n\n\n\n<p>Pour un v\u00e9ritable brownie, on peut ajouter 40 g de cerneaux de noix hach\u00e9s\u00a0<\/p>\n\n\n\n<p>A vos fourneaux ! Et si vous voulez partager votre \u0153uvre en photo, vous pouvez l&rsquo;envoyer \u00e0 :  lucieaubrac@api-colomiers.com <br><\/p>\n","protected":false},"excerpt":{"rendered":"<p>Brownies au chocolat&nbsp; Ingr\u00e9dients&nbsp;: 250 g de chocolat noir 50 g de sucre en poudre 150 g de beurre 1 sachet de sucre vanill\u00e9 60 g de farine tamis\u00e9e 3 \u0153ufs 1 pinc\u00e9e de sel Recette&nbsp;: Pr\u00e9chauffez le four th.6<\/p>\n","protected":false},"author":9,"featured_media":0,"comment_status":"closed","ping_status":"closed","sticky":false,"template":"","format":"standard","meta":{"footnotes":""},"categories":[17,20,7,1,34],"tags":[],"class_list":["post-2594","post","type-post","status-publish","format-standard","hentry","category-alae","category-elementaire","category-maternelle","category-non-classe","category-recettes"],"_links":{"self":[{"href":"https:\/\/api-colomiers.com\/lucieaubrac\/wp-json\/wp\/v2\/posts\/2594","targetHints":{"allow":["GET"]}}],"collection":[{"href":"https:\/\/api-colomiers.com\/lucieaubrac\/wp-json\/wp\/v2\/posts"}],"about":[{"href":"https:\/\/api-colomiers.com\/lucieaubrac\/wp-json\/wp\/v2\/types\/post"}],"author":[{"embeddable":true,"href":"https:\/\/api-colomiers.com\/lucieaubrac\/wp-json\/wp\/v2\/users\/9"}],"replies":[{"embeddable":true,"href":"https:\/\/api-colomiers.com\/lucieaubrac\/wp-json\/wp\/v2\/comments?post=2594"}],"version-history":[{"count":2,"href":"https:\/\/api-colomiers.com\/lucieaubrac\/wp-json\/wp\/v2\/posts\/2594\/revisions"}],"predecessor-version":[{"id":2596,"href":"https:\/\/api-colomiers.com\/lucieaubrac\/wp-json\/wp\/v2\/posts\/2594\/revisions\/2596"}],"wp:attachment":[{"href":"https:\/\/api-colomiers.com\/lucieaubrac\/wp-json\/wp\/v2\/media?parent=2594"}],"wp:term":[{"taxonomy":"category","embeddable":true,"href":"https:\/\/api-colomiers.com\/lucieaubrac\/wp-json\/wp\/v2\/categories?post=2594"},{"taxonomy":"post_tag","embeddable":true,"href":"https:\/\/api-colomiers.com\/lucieaubrac\/wp-json\/wp\/v2\/tags?post=2594"}],"curies":[{"name":"wp","href":"https:\/\/api.w.org\/{rel}","templated":true}]}}