{"id":2237,"date":"2019-12-17T21:56:30","date_gmt":"2019-12-17T20:56:30","guid":{"rendered":"http:\/\/api-colomiers.com\/lucieaubrac\/?p=2237"},"modified":"2019-12-17T21:59:30","modified_gmt":"2019-12-17T20:59:30","slug":"elementaire-programme-de-la-fete-de-noel-2","status":"publish","type":"post","link":"https:\/\/api-colomiers.com\/lucieaubrac\/2019\/12\/elementaire-programme-de-la-fete-de-noel-2\/","title":{"rendered":"\u00c9l\u00e9mentaire : Programme de la f\u00eate de No\u00ebl"},"content":{"rendered":"\n<p>Ce jeudi aura lieu la f\u00eate de No\u00ebl \u00e0 l&rsquo;\u00e9cole \u00e9l\u00e9mentaire.<\/p>\n\n\n\n<p>En plus des diff\u00e9rents ateliers pr\u00e9vu par l&rsquo;ALAE \u00e0 faire avec votre enfant, les parents d&rsquo;\u00e9l\u00e8ves tiendront un stand de vente de cr\u00eapes (d&rsquo;ailleurs nous comptons un peu sur vous : <a href=\"https:\/\/api-colomiers.com\/lucieaubrac\/2019\/12\/elementaire-portes-ouvertes-de-noel-jeudi-19-12-19\/\">https:\/\/api-colomiers.com\/lucieaubrac\/2019\/12\/elementaire-portes-ouvertes-de-noel-jeudi-19-12-19\/<\/a> ) <\/p>\n\n\n\n<p>Les classes par niveau pr\u00e9senteront aussi une chorale ou un petit spectacle aux horaires suivants : <\/p>\n\n\n\n<p>17h00-17h15 pour les CP<\/p>\n\n\n\n<p>17h15 &#8211; 17h30  pour les CE1<\/p>\n\n\n\n<p>17h30-17h45 pour les CE2 et la classe de CE1-CE2<\/p>\n\n\n\n<p>17h45-18h00 pour les CM1<\/p>\n\n\n\n<p>18h00-18h15 pour les CM2<\/p>\n\n\n\n<p>Et \u00e9v\u00e9nement \u00e0 ne pas louper, de 16h45 \u00e0 17h00, Concert de No\u00ebl d&rsquo;une maman de l&rsquo;\u00e9cole qui est soprano.<\/p>\n\n\n\n<p>Nous esp\u00e9rons que vous serez nombreux \u00e0 partager ce moment avec les enfants !<\/p>\n\n\n\n<figure class=\"wp-block-image\"><img loading=\"lazy\" decoding=\"async\" width=\"768\" height=\"1024\" src=\"https:\/\/api-colomiers.com\/lucieaubrac\/wp-content\/uploads\/IMG_20191217_083158-768x1024.jpg\" alt=\"\" class=\"wp-image-2239\" srcset=\"https:\/\/api-colomiers.com\/lucieaubrac\/wp-content\/uploads\/IMG_20191217_083158-768x1024.jpg 768w, https:\/\/api-colomiers.com\/lucieaubrac\/wp-content\/uploads\/IMG_20191217_083158-225x300.jpg 225w, https:\/\/api-colomiers.com\/lucieaubrac\/wp-content\/uploads\/IMG_20191217_083158-1320x1760.jpg 1320w\" sizes=\"auto, (max-width: 768px) 100vw, 768px\" \/><\/figure>\n","protected":false},"excerpt":{"rendered":"<p>Ce jeudi aura lieu la f\u00eate de No\u00ebl \u00e0 l&rsquo;\u00e9cole \u00e9l\u00e9mentaire. En plus des diff\u00e9rents ateliers pr\u00e9vu par l&rsquo;ALAE \u00e0 faire avec votre enfant, les parents d&rsquo;\u00e9l\u00e8ves tiendront un stand de vente de cr\u00eapes (d&rsquo;ailleurs nous comptons un peu sur<\/p>\n","protected":false},"author":9,"featured_media":0,"comment_status":"closed","ping_status":"closed","sticky":false,"template":"","format":"standard","meta":{"footnotes":""},"categories":[17,20],"tags":[],"class_list":["post-2237","post","type-post","status-publish","format-standard","hentry","category-alae","category-elementaire"],"_links":{"self":[{"href":"https:\/\/api-colomiers.com\/lucieaubrac\/wp-json\/wp\/v2\/posts\/2237","targetHints":{"allow":["GET"]}}],"collection":[{"href":"https:\/\/api-colomiers.com\/lucieaubrac\/wp-json\/wp\/v2\/posts"}],"about":[{"href":"https:\/\/api-colomiers.com\/lucieaubrac\/wp-json\/wp\/v2\/types\/post"}],"author":[{"embeddable":true,"href":"https:\/\/api-colomiers.com\/lucieaubrac\/wp-json\/wp\/v2\/users\/9"}],"replies":[{"embeddable":true,"href":"https:\/\/api-colomiers.com\/lucieaubrac\/wp-json\/wp\/v2\/comments?post=2237"}],"version-history":[{"count":2,"href":"https:\/\/api-colomiers.com\/lucieaubrac\/wp-json\/wp\/v2\/posts\/2237\/revisions"}],"predecessor-version":[{"id":2240,"href":"https:\/\/api-colomiers.com\/lucieaubrac\/wp-json\/wp\/v2\/posts\/2237\/revisions\/2240"}],"wp:attachment":[{"href":"https:\/\/api-colomiers.com\/lucieaubrac\/wp-json\/wp\/v2\/media?parent=2237"}],"wp:term":[{"taxonomy":"category","embeddable":true,"href":"https:\/\/api-colomiers.com\/lucieaubrac\/wp-json\/wp\/v2\/categories?post=2237"},{"taxonomy":"post_tag","embeddable":true,"href":"https:\/\/api-colomiers.com\/lucieaubrac\/wp-json\/wp\/v2\/tags?post=2237"}],"curies":[{"name":"wp","href":"https:\/\/api.w.org\/{rel}","templated":true}]}}