{"id":2230,"date":"2019-12-16T18:31:05","date_gmt":"2019-12-16T17:31:05","guid":{"rendered":"http:\/\/api-colomiers.com\/lucieaubrac\/?p=2230"},"modified":"2019-12-16T18:33:21","modified_gmt":"2019-12-16T17:33:21","slug":"mouvements-de-greve-du-mardi-17-12-19","status":"publish","type":"post","link":"https:\/\/api-colomiers.com\/lucieaubrac\/2019\/12\/mouvements-de-greve-du-mardi-17-12-19\/","title":{"rendered":"Mouvements de gr\u00e8ve du mardi 17\/12\/19"},"content":{"rendered":"\n<p>Les enseignants gr\u00e9vistes pr\u00e9viennent via le cahier de liaison, n&rsquo;oubliez pas de le consulter r\u00e9guli\u00e8rement, le mouvement de gr\u00e8ve est illimit\u00e9 pour le moment.<\/p>\n\n\n\n<p><em>Info pour l&rsquo;\u00e9cole \u00e9l\u00e9mentaire<\/em> : L&rsquo;ALAE sera ouvert mais <strong>accueillera seulement les enfants dont les enseignants ne sont pas gr\u00e9vistes<\/strong>.<\/p>\n\n\n\n<p>Par contre la cantine ne fonctionnera pas mais vous pouvez <strong>fournir un repas froid<\/strong> \u00e0 vos enfants.<\/p>\n\n\n\n<figure class=\"wp-block-image\"><img loading=\"lazy\" decoding=\"async\" width=\"1024\" height=\"768\" src=\"https:\/\/api-colomiers.com\/lucieaubrac\/wp-content\/uploads\/IMG_20191216_181611-1024x768.jpg\" alt=\"\" class=\"wp-image-2233\" srcset=\"https:\/\/api-colomiers.com\/lucieaubrac\/wp-content\/uploads\/IMG_20191216_181611-1024x768.jpg 1024w, https:\/\/api-colomiers.com\/lucieaubrac\/wp-content\/uploads\/IMG_20191216_181611-300x225.jpg 300w, https:\/\/api-colomiers.com\/lucieaubrac\/wp-content\/uploads\/IMG_20191216_181611-768x576.jpg 768w, https:\/\/api-colomiers.com\/lucieaubrac\/wp-content\/uploads\/IMG_20191216_181611-1320x990.jpg 1320w\" sizes=\"auto, (max-width: 1024px) 100vw, 1024px\" \/><\/figure>\n","protected":false},"excerpt":{"rendered":"<p>Les enseignants gr\u00e9vistes pr\u00e9viennent via le cahier de liaison, n&rsquo;oubliez pas de le consulter r\u00e9guli\u00e8rement, le mouvement de gr\u00e8ve est illimit\u00e9 pour le moment. Info pour l&rsquo;\u00e9cole \u00e9l\u00e9mentaire : L&rsquo;ALAE sera ouvert mais accueillera seulement les enfants dont les enseignants<\/p>\n","protected":false},"author":9,"featured_media":0,"comment_status":"closed","ping_status":"closed","sticky":false,"template":"","format":"standard","meta":{"footnotes":""},"categories":[17,20,7,1],"tags":[],"class_list":["post-2230","post","type-post","status-publish","format-standard","hentry","category-alae","category-elementaire","category-maternelle","category-non-classe"],"_links":{"self":[{"href":"https:\/\/api-colomiers.com\/lucieaubrac\/wp-json\/wp\/v2\/posts\/2230","targetHints":{"allow":["GET"]}}],"collection":[{"href":"https:\/\/api-colomiers.com\/lucieaubrac\/wp-json\/wp\/v2\/posts"}],"about":[{"href":"https:\/\/api-colomiers.com\/lucieaubrac\/wp-json\/wp\/v2\/types\/post"}],"author":[{"embeddable":true,"href":"https:\/\/api-colomiers.com\/lucieaubrac\/wp-json\/wp\/v2\/users\/9"}],"replies":[{"embeddable":true,"href":"https:\/\/api-colomiers.com\/lucieaubrac\/wp-json\/wp\/v2\/comments?post=2230"}],"version-history":[{"count":3,"href":"https:\/\/api-colomiers.com\/lucieaubrac\/wp-json\/wp\/v2\/posts\/2230\/revisions"}],"predecessor-version":[{"id":2235,"href":"https:\/\/api-colomiers.com\/lucieaubrac\/wp-json\/wp\/v2\/posts\/2230\/revisions\/2235"}],"wp:attachment":[{"href":"https:\/\/api-colomiers.com\/lucieaubrac\/wp-json\/wp\/v2\/media?parent=2230"}],"wp:term":[{"taxonomy":"category","embeddable":true,"href":"https:\/\/api-colomiers.com\/lucieaubrac\/wp-json\/wp\/v2\/categories?post=2230"},{"taxonomy":"post_tag","embeddable":true,"href":"https:\/\/api-colomiers.com\/lucieaubrac\/wp-json\/wp\/v2\/tags?post=2230"}],"curies":[{"name":"wp","href":"https:\/\/api.w.org\/{rel}","templated":true}]}}