{"id":2135,"date":"2019-09-18T21:17:36","date_gmt":"2019-09-18T19:17:36","guid":{"rendered":"http:\/\/api-colomiers.com\/lucieaubrac\/?p=2135"},"modified":"2019-09-18T21:17:47","modified_gmt":"2019-09-18T19:17:47","slug":"reunion-par-niveau-ecole-elementaire","status":"publish","type":"post","link":"https:\/\/api-colomiers.com\/lucieaubrac\/2019\/09\/reunion-par-niveau-ecole-elementaire\/","title":{"rendered":"R\u00e9union par niveau &#8211; Ecole \u00e9l\u00e9mentaire"},"content":{"rendered":"\n<p>Voici les dates des r\u00e9unions par niveau de l&rsquo;\u00e9cole \u00e9l\u00e9mentaire. La premi\u00e8re partie se d\u00e9roulera dans la salle poly en pr\u00e9sence du directeur <strong>\u00e0 17h30<\/strong> et ensuite direction la classe de votre enfant avec son enseignant.<\/p>\n\n\n\n<p>Il est pr\u00e9f\u00e9rable de participer sans les enfants, les informations les concernant leurs ont d\u00e9j\u00e0 \u00e9t\u00e9 donn\u00e9es par les enseignants.<\/p>\n\n\n\n<p>N&rsquo;h\u00e9sitez pas \u00e0 participer \u00e0 cette r\u00e9union de rentr\u00e9e, de nombreux renseignements sur la vie de la classe et les projets de l&rsquo;ann\u00e9e vous seront donn\u00e9s. C&rsquo;est aussi l&rsquo;occasion de rencontrer les autres parents.<\/p>\n\n\n\n<p>Voici les dates : <\/p>\n\n\n\n<ul class=\"wp-block-list\"><li>jeudi 19 septembre pour les CP<\/li><li>lundi 23 septembre pour les CE1<\/li><li>Mardi 24 septembre pour les CM1<\/li><li>Jeudi 26 septembre pour les CM2<\/li><li>Vendredi 27 septembre pour les CE2 (et la classe CE1-CE2)<\/li><\/ul>\n","protected":false},"excerpt":{"rendered":"<p>Voici les dates des r\u00e9unions par niveau de l&rsquo;\u00e9cole \u00e9l\u00e9mentaire. La premi\u00e8re partie se d\u00e9roulera dans la salle poly en pr\u00e9sence du directeur \u00e0 17h30 et ensuite direction la classe de votre enfant avec son enseignant. Il est pr\u00e9f\u00e9rable de<\/p>\n","protected":false},"author":9,"featured_media":0,"comment_status":"closed","ping_status":"closed","sticky":false,"template":"","format":"standard","meta":{"footnotes":""},"categories":[20],"tags":[],"class_list":["post-2135","post","type-post","status-publish","format-standard","hentry","category-elementaire"],"_links":{"self":[{"href":"https:\/\/api-colomiers.com\/lucieaubrac\/wp-json\/wp\/v2\/posts\/2135","targetHints":{"allow":["GET"]}}],"collection":[{"href":"https:\/\/api-colomiers.com\/lucieaubrac\/wp-json\/wp\/v2\/posts"}],"about":[{"href":"https:\/\/api-colomiers.com\/lucieaubrac\/wp-json\/wp\/v2\/types\/post"}],"author":[{"embeddable":true,"href":"https:\/\/api-colomiers.com\/lucieaubrac\/wp-json\/wp\/v2\/users\/9"}],"replies":[{"embeddable":true,"href":"https:\/\/api-colomiers.com\/lucieaubrac\/wp-json\/wp\/v2\/comments?post=2135"}],"version-history":[{"count":1,"href":"https:\/\/api-colomiers.com\/lucieaubrac\/wp-json\/wp\/v2\/posts\/2135\/revisions"}],"predecessor-version":[{"id":2136,"href":"https:\/\/api-colomiers.com\/lucieaubrac\/wp-json\/wp\/v2\/posts\/2135\/revisions\/2136"}],"wp:attachment":[{"href":"https:\/\/api-colomiers.com\/lucieaubrac\/wp-json\/wp\/v2\/media?parent=2135"}],"wp:term":[{"taxonomy":"category","embeddable":true,"href":"https:\/\/api-colomiers.com\/lucieaubrac\/wp-json\/wp\/v2\/categories?post=2135"},{"taxonomy":"post_tag","embeddable":true,"href":"https:\/\/api-colomiers.com\/lucieaubrac\/wp-json\/wp\/v2\/tags?post=2135"}],"curies":[{"name":"wp","href":"https:\/\/api.w.org\/{rel}","templated":true}]}}