{"id":1611,"date":"2018-09-15T23:17:25","date_gmt":"2018-09-15T21:17:25","guid":{"rendered":"http:\/\/api-colomiers.com\/lucieaubrac\/?p=1611"},"modified":"2018-09-16T20:23:05","modified_gmt":"2018-09-16T18:23:05","slug":"reunion-daccueil-des-parents","status":"publish","type":"post","link":"https:\/\/api-colomiers.com\/lucieaubrac\/2018\/09\/reunion-daccueil-des-parents\/","title":{"rendered":"R\u00e9union d\u2019accueil des parents"},"content":{"rendered":"<h2 style=\"text-align: center;\">La <span style=\"color: #0000ff;\">FCPE<\/span> et <span style=\"color: #ff00ff;\">l&rsquo;API<\/span> s&rsquo;associent pour l&rsquo;organisation d&rsquo;une<\/h2>\n<h2 style=\"text-align: center;\"><span style=\"color: #ff6600;\">R\u00e9union d\u2019Accueil\u00a0des Parents\u00a0<\/span><\/h2>\n<h2 style=\"text-align: center;\">des \u00e9coles maternelle et \u00e9l\u00e9mentaire Lucie Aubrac.<\/h2>\n<h4 style=\"text-align: center;\">Avec l\u2019aimable participation des directeurs d\u2019\u00e9coles et d\u2019ALAE.<\/h4>\n<h2 style=\"text-align: center;\"><strong><span style=\"color: #ff0000;\">Jeudi 20 septembre 2018 \u00e0 20 h<\/span><\/strong><\/h2>\n<p style=\"text-align: center;\">Hall de l\u2019\u00e9cole \u00e9l\u00e9mentaire (entr\u00e9e par le cot\u00e9 CP\/CE1)<\/p>\n<h4><span style=\"color: #0000ff;\">Venez vous renseigner sur les associations de parents d\u2019\u00e9l\u00e8ves, poser vos questions, rencontrer d\u2019autres parents autour d\u2019un moment convivial.<\/span><\/h4>\n<h2 style=\"text-align: center;\"><span style=\"color: #008000;\"><strong><em>Nous vous attendons nombreux\u00a0!<\/em><\/strong><\/span><\/h2>\n<p style=\"text-align: center;\">\n<p>Ce moment vous est r\u00e9serv\u00e9, il est souhaitable de venir sans vos enfants pour en profiter. Il y aura d&rsquo;autres moments festifs avec eux dans l&rsquo;ann\u00e9e.<\/p>\n<p><a href=\"https:\/\/api-colomiers.com\/lucieaubrac\/2018\/09\/reunion-daccueil-des-parents\/affiche-reunion-accueil\/\" rel=\"attachment wp-att-1613\">Affiche reunion accueil<\/a><\/p>\n","protected":false},"excerpt":{"rendered":"<p>La FCPE et l&rsquo;API s&rsquo;associent pour l&rsquo;organisation d&rsquo;une R\u00e9union d\u2019Accueil\u00a0des Parents\u00a0 des \u00e9coles maternelle et \u00e9l\u00e9mentaire Lucie Aubrac. Avec l\u2019aimable participation des directeurs d\u2019\u00e9coles et d\u2019ALAE. Jeudi 20 septembre 2018 \u00e0 20 h Hall de l\u2019\u00e9cole \u00e9l\u00e9mentaire (entr\u00e9e par le<\/p>\n","protected":false},"author":9,"featured_media":0,"comment_status":"closed","ping_status":"closed","sticky":false,"template":"","format":"standard","meta":{"footnotes":""},"categories":[17,20,18,7],"tags":[],"class_list":["post-1611","post","type-post","status-publish","format-standard","hentry","category-alae","category-elementaire","category-evenement","category-maternelle"],"_links":{"self":[{"href":"https:\/\/api-colomiers.com\/lucieaubrac\/wp-json\/wp\/v2\/posts\/1611","targetHints":{"allow":["GET"]}}],"collection":[{"href":"https:\/\/api-colomiers.com\/lucieaubrac\/wp-json\/wp\/v2\/posts"}],"about":[{"href":"https:\/\/api-colomiers.com\/lucieaubrac\/wp-json\/wp\/v2\/types\/post"}],"author":[{"embeddable":true,"href":"https:\/\/api-colomiers.com\/lucieaubrac\/wp-json\/wp\/v2\/users\/9"}],"replies":[{"embeddable":true,"href":"https:\/\/api-colomiers.com\/lucieaubrac\/wp-json\/wp\/v2\/comments?post=1611"}],"version-history":[{"count":8,"href":"https:\/\/api-colomiers.com\/lucieaubrac\/wp-json\/wp\/v2\/posts\/1611\/revisions"}],"predecessor-version":[{"id":1621,"href":"https:\/\/api-colomiers.com\/lucieaubrac\/wp-json\/wp\/v2\/posts\/1611\/revisions\/1621"}],"wp:attachment":[{"href":"https:\/\/api-colomiers.com\/lucieaubrac\/wp-json\/wp\/v2\/media?parent=1611"}],"wp:term":[{"taxonomy":"category","embeddable":true,"href":"https:\/\/api-colomiers.com\/lucieaubrac\/wp-json\/wp\/v2\/categories?post=1611"},{"taxonomy":"post_tag","embeddable":true,"href":"https:\/\/api-colomiers.com\/lucieaubrac\/wp-json\/wp\/v2\/tags?post=1611"}],"curies":[{"name":"wp","href":"https:\/\/api.w.org\/{rel}","templated":true}]}}