{"id":3361,"date":"2026-03-19T21:27:21","date_gmt":"2026-03-19T20:27:21","guid":{"rendered":"https:\/\/api-colomiers.com\/georgesand\/?p=3361"},"modified":"2026-03-19T21:27:21","modified_gmt":"2026-03-19T20:27:21","slug":"entree-en-6eme","status":"publish","type":"post","link":"https:\/\/api-colomiers.com\/georgesand\/2026\/03\/19\/entree-en-6eme\/","title":{"rendered":"Entr\u00e9e en 6\u00e8me"},"content":{"rendered":"\n<figure class=\"wp-block-image size-full is-resized\"><a href=\"https:\/\/api-colomiers.com\/georgesand\/wp-content\/uploads\/2026\/03\/image-2.png\"><img loading=\"lazy\" decoding=\"async\" width=\"474\" height=\"312\" src=\"https:\/\/api-colomiers.com\/georgesand\/wp-content\/uploads\/2026\/03\/image-2.png\" alt=\"\" class=\"wp-image-3362\" style=\"width:226px;height:auto\" srcset=\"https:\/\/api-colomiers.com\/georgesand\/wp-content\/uploads\/2026\/03\/image-2.png 474w, https:\/\/api-colomiers.com\/georgesand\/wp-content\/uploads\/2026\/03\/image-2-300x197.png 300w\" sizes=\"auto, (max-width: 474px) 100vw, 474px\" \/><\/a><\/figure>\n\n\n\n<p>Chers parents, et plus particuli\u00e8rement chers parents d&rsquo;enfants en CM2 actuellement,<\/p>\n\n\n\n<p>Vous vous posez peut-\u00eatre d\u00e9j\u00e0 des questions sur l&rsquo;entr\u00e9e en 6\u00e8me de votre enfant en septembre prochain!<\/p>\n\n\n\n<p><strong>Quelles formalit\u00e9s pour l&rsquo;inscription?<\/strong><\/p>\n\n\n\n<p><strong>Quels sont les attendus pour cette premi\u00e8re ann\u00e9e de coll\u00e8ge?<\/strong><\/p>\n\n\n\n<p><strong>Comment aider au mieux votre enfant l&rsquo;an prochain ?<\/strong><\/p>\n\n\n\n<p><\/p>\n\n\n\n<p>Le <strong>coll\u00e8ge L\u00e9on Blum<\/strong> qui accueille une majorit\u00e9 des enfants scolaris\u00e9s \u00e0 George Sand a pr\u00e9par\u00e9 un document que nous vous partageons ci-dessous. Vous y trouverez des <strong>informations sp\u00e9cifiques \u00e0 ce coll\u00e8ge <\/strong>(effectifs, date des visites pour les CM2, adresses des associations de parents d&rsquo;\u00e9l\u00e8ves&#8230;), <strong>mais aussi des informations g\u00e9n\u00e9rales \u00e0 la 6\u00e8me <\/strong>quel que soit le coll\u00e8ge (les attendus de la classe de 6\u00e8me, l&rsquo;inscription en 6\u00e8me:<\/p>\n\n\n\n<div data-wp-interactive=\"core\/file\" class=\"wp-block-file\"><object data-wp-bind--hidden=\"!state.hasPdfPreview\" hidden class=\"wp-block-file__embed\" data=\"https:\/\/api-colomiers.com\/georgesand\/wp-content\/uploads\/2026\/03\/presentation-reunion-des-parents-futurs-6eme-pour-ent.pdf\" type=\"application\/pdf\" style=\"width:100%;height:200px\" aria-label=\"Contenu embarqu\u00e9 pr\u00e9sentation r\u00e9union des parents futurs 6\u00e8me pour ent.\"><\/object><a id=\"wp-block-file--media-61a2ed2d-3892-4a4b-98f1-06952e303ec0\" href=\"https:\/\/api-colomiers.com\/georgesand\/wp-content\/uploads\/2026\/03\/presentation-reunion-des-parents-futurs-6eme-pour-ent.pdf\">pr\u00e9sentation r\u00e9union des parents futurs 6\u00e8me pour ent<\/a><a href=\"https:\/\/api-colomiers.com\/georgesand\/wp-content\/uploads\/2026\/03\/presentation-reunion-des-parents-futurs-6eme-pour-ent.pdf\" class=\"wp-block-file__button wp-element-button\" download aria-describedby=\"wp-block-file--media-61a2ed2d-3892-4a4b-98f1-06952e303ec0\">T\u00e9l\u00e9charger<\/a><\/div>\n\n\n\n<div class=\"wp-block-file\"><a id=\"wp-block-file--media-8def4c05-5823-4821-b82e-39045b9722fc\" href=\"https:\/\/api-colomiers.com\/georgesand\/wp-content\/uploads\/2026\/03\/video-inscriptions-en-ligne-6eme.mp4\">video inscriptions en ligne 6\u00e8me<\/a><a href=\"https:\/\/api-colomiers.com\/georgesand\/wp-content\/uploads\/2026\/03\/video-inscriptions-en-ligne-6eme.mp4\" class=\"wp-block-file__button wp-element-button\" download aria-describedby=\"wp-block-file--media-8def4c05-5823-4821-b82e-39045b9722fc\">T\u00e9l\u00e9charger<\/a><\/div>\n\n\n\n<p><\/p>\n\n\n\n<p>Nous en profitons pour vous dire que l&rsquo;API est aussi pr\u00e9sente au coll\u00e8ge Leon Blum et que vous pouvez visiter son site internet <a href=\"https:\/\/api-colomiers.com\/leonblum\/\">ICI <\/a>et contacter les parents \u00e9lus \u00e0 l&rsquo;adresse suivante: <a href=\"mailto:api.colomiers.leonblum@gmail.com\" target=\"_blank\" rel=\"noreferrer noopener\"><strong>api.colomiers.leonblum@gmail.com<\/strong><\/a><\/p>\n\n\n\n<p><\/p>\n\n\n\n<p>Bien \u00e0 vous,<\/p>\n\n\n\n<p>Vos parents \u00e9lus API \u00e9l\u00e9mentaire G. sand<\/p>\n\n\n\n<figure class=\"wp-block-image size-large is-resized\"><a href=\"https:\/\/api-colomiers.com\/georgesand\/wp-content\/uploads\/2023\/11\/LOGO-API2.jpg\"><img loading=\"lazy\" decoding=\"async\" width=\"1024\" height=\"1024\" src=\"https:\/\/api-colomiers.com\/georgesand\/wp-content\/uploads\/2023\/11\/LOGO-API2-1024x1024.jpg\" alt=\"\" class=\"wp-image-2859\" style=\"width:96px;height:auto\" srcset=\"https:\/\/api-colomiers.com\/georgesand\/wp-content\/uploads\/2023\/11\/LOGO-API2-1024x1024.jpg 1024w, https:\/\/api-colomiers.com\/georgesand\/wp-content\/uploads\/2023\/11\/LOGO-API2-300x300.jpg 300w, https:\/\/api-colomiers.com\/georgesand\/wp-content\/uploads\/2023\/11\/LOGO-API2-150x150.jpg 150w, https:\/\/api-colomiers.com\/georgesand\/wp-content\/uploads\/2023\/11\/LOGO-API2-768x768.jpg 768w, https:\/\/api-colomiers.com\/georgesand\/wp-content\/uploads\/2023\/11\/LOGO-API2-600x600.jpg 600w, https:\/\/api-colomiers.com\/georgesand\/wp-content\/uploads\/2023\/11\/LOGO-API2-270x270.jpg 270w, https:\/\/api-colomiers.com\/georgesand\/wp-content\/uploads\/2023\/11\/LOGO-API2-230x230.jpg 230w, https:\/\/api-colomiers.com\/georgesand\/wp-content\/uploads\/2023\/11\/LOGO-API2.jpg 1500w\" sizes=\"auto, (max-width: 1024px) 100vw, 1024px\" \/><\/a><\/figure>\n","protected":false},"excerpt":{"rendered":"<p>Chers parents, et plus particuli\u00e8rement chers parents d&rsquo;enfants en CM2 actuellement, Vous vous posez peut-\u00eatre d\u00e9j\u00e0 des questions sur l&rsquo;entr\u00e9e en 6\u00e8me de votre enfant en septembre prochain! Quelles formalit\u00e9s pour l&rsquo;inscription? Quels sont les attendus pour cette premi\u00e8re ann\u00e9e<\/p>\n","protected":false},"author":10,"featured_media":0,"comment_status":"closed","ping_status":"open","sticky":false,"template":"","format":"standard","meta":{"footnotes":""},"categories":[7],"tags":[],"class_list":["post-3361","post","type-post","status-publish","format-standard","hentry","category-elementaire"],"_links":{"self":[{"href":"https:\/\/api-colomiers.com\/georgesand\/wp-json\/wp\/v2\/posts\/3361","targetHints":{"allow":["GET"]}}],"collection":[{"href":"https:\/\/api-colomiers.com\/georgesand\/wp-json\/wp\/v2\/posts"}],"about":[{"href":"https:\/\/api-colomiers.com\/georgesand\/wp-json\/wp\/v2\/types\/post"}],"author":[{"embeddable":true,"href":"https:\/\/api-colomiers.com\/georgesand\/wp-json\/wp\/v2\/users\/10"}],"replies":[{"embeddable":true,"href":"https:\/\/api-colomiers.com\/georgesand\/wp-json\/wp\/v2\/comments?post=3361"}],"version-history":[{"count":2,"href":"https:\/\/api-colomiers.com\/georgesand\/wp-json\/wp\/v2\/posts\/3361\/revisions"}],"predecessor-version":[{"id":3366,"href":"https:\/\/api-colomiers.com\/georgesand\/wp-json\/wp\/v2\/posts\/3361\/revisions\/3366"}],"wp:attachment":[{"href":"https:\/\/api-colomiers.com\/georgesand\/wp-json\/wp\/v2\/media?parent=3361"}],"wp:term":[{"taxonomy":"category","embeddable":true,"href":"https:\/\/api-colomiers.com\/georgesand\/wp-json\/wp\/v2\/categories?post=3361"},{"taxonomy":"post_tag","embeddable":true,"href":"https:\/\/api-colomiers.com\/georgesand\/wp-json\/wp\/v2\/tags?post=3361"}],"curies":[{"name":"wp","href":"https:\/\/api.w.org\/{rel}","templated":true}]}}