{"id":3278,"date":"2025-10-13T18:37:46","date_gmt":"2025-10-13T17:37:46","guid":{"rendered":"https:\/\/api-colomiers.com\/georgesand\/?p=3278"},"modified":"2025-10-13T20:24:41","modified_gmt":"2025-10-13T19:24:41","slug":"semaine-du-gout-les-producteurs-a-lhonneur","status":"publish","type":"post","link":"https:\/\/api-colomiers.com\/georgesand\/2025\/10\/13\/semaine-du-gout-les-producteurs-a-lhonneur\/","title":{"rendered":"Semaine du go\u00fbt &#8211; Les producteurs \u00e0 l&rsquo;honneur"},"content":{"rendered":"\n<figure class=\"wp-block-image size-full is-resized\"><a href=\"https:\/\/api-colomiers.com\/georgesand\/wp-content\/uploads\/2025\/10\/image-9.png\"><img loading=\"lazy\" decoding=\"async\" width=\"375\" height=\"330\" src=\"https:\/\/api-colomiers.com\/georgesand\/wp-content\/uploads\/2025\/10\/image-9.png\" alt=\"\" class=\"wp-image-3279\" style=\"width:264px;height:auto\" srcset=\"https:\/\/api-colomiers.com\/georgesand\/wp-content\/uploads\/2025\/10\/image-9.png 375w, https:\/\/api-colomiers.com\/georgesand\/wp-content\/uploads\/2025\/10\/image-9-300x264.png 300w\" sizes=\"auto, (max-width: 375px) 100vw, 375px\" \/><\/a><\/figure>\n\n\n\n<p>A Colomiers, la qualit\u00e9 dans les assiettes n&rsquo;est pas un vain mot. Les services municipaux de restauration \u00e9laborent des plats simples, sains et \u00e9quilibr\u00e9s faisant la part belle aux produits locaux.<\/p>\n\n\n\n<p><\/p>\n\n\n\n<p>Dans le cadre de la semaine du go\u00fbt, les producteurs sont \u00e0 l&rsquo;honneur.<\/p>\n\n\n\n<p><strong>Venez rencontrer les femmes et les hommes qui permettent \u00e0 nos enfants de se r\u00e9galer \u00e0 la cantine lors du march\u00e9 des producteurs ce jeudi 16 octobre, de 16h \u00e0 18h30, all\u00e9e de la Colombe pr\u00e8s de notre \u00e9cole.<\/strong><\/p>\n\n\n\n<p><\/p>\n\n\n\n<p>Convivialit\u00e9 et partage seront au rendez-vous!<\/p>\n\n\n\n<figure class=\"wp-block-image size-full\"><a href=\"https:\/\/api-colomiers.com\/georgesand\/wp-content\/uploads\/2025\/10\/image-10.png\"><img loading=\"lazy\" decoding=\"async\" width=\"575\" height=\"808\" src=\"https:\/\/api-colomiers.com\/georgesand\/wp-content\/uploads\/2025\/10\/image-10.png\" alt=\"\" class=\"wp-image-3282\" srcset=\"https:\/\/api-colomiers.com\/georgesand\/wp-content\/uploads\/2025\/10\/image-10.png 575w, https:\/\/api-colomiers.com\/georgesand\/wp-content\/uploads\/2025\/10\/image-10-213x300.png 213w\" sizes=\"auto, (max-width: 575px) 100vw, 575px\" \/><\/a><\/figure>\n","protected":false},"excerpt":{"rendered":"<p>A Colomiers, la qualit\u00e9 dans les assiettes n&rsquo;est pas un vain mot. Les services municipaux de restauration \u00e9laborent des plats simples, sains et \u00e9quilibr\u00e9s faisant la part belle aux produits locaux. Dans le cadre de la semaine du go\u00fbt, les<\/p>\n","protected":false},"author":10,"featured_media":0,"comment_status":"closed","ping_status":"open","sticky":false,"template":"","format":"standard","meta":{"footnotes":""},"categories":[7,6],"tags":[],"class_list":["post-3278","post","type-post","status-publish","format-standard","hentry","category-elementaire","category-maternelle"],"_links":{"self":[{"href":"https:\/\/api-colomiers.com\/georgesand\/wp-json\/wp\/v2\/posts\/3278","targetHints":{"allow":["GET"]}}],"collection":[{"href":"https:\/\/api-colomiers.com\/georgesand\/wp-json\/wp\/v2\/posts"}],"about":[{"href":"https:\/\/api-colomiers.com\/georgesand\/wp-json\/wp\/v2\/types\/post"}],"author":[{"embeddable":true,"href":"https:\/\/api-colomiers.com\/georgesand\/wp-json\/wp\/v2\/users\/10"}],"replies":[{"embeddable":true,"href":"https:\/\/api-colomiers.com\/georgesand\/wp-json\/wp\/v2\/comments?post=3278"}],"version-history":[{"count":3,"href":"https:\/\/api-colomiers.com\/georgesand\/wp-json\/wp\/v2\/posts\/3278\/revisions"}],"predecessor-version":[{"id":3288,"href":"https:\/\/api-colomiers.com\/georgesand\/wp-json\/wp\/v2\/posts\/3278\/revisions\/3288"}],"wp:attachment":[{"href":"https:\/\/api-colomiers.com\/georgesand\/wp-json\/wp\/v2\/media?parent=3278"}],"wp:term":[{"taxonomy":"category","embeddable":true,"href":"https:\/\/api-colomiers.com\/georgesand\/wp-json\/wp\/v2\/categories?post=3278"},{"taxonomy":"post_tag","embeddable":true,"href":"https:\/\/api-colomiers.com\/georgesand\/wp-json\/wp\/v2\/tags?post=3278"}],"curies":[{"name":"wp","href":"https:\/\/api.w.org\/{rel}","templated":true}]}}