{"id":3071,"date":"2025-01-08T18:05:05","date_gmt":"2025-01-08T17:05:05","guid":{"rendered":"https:\/\/api-colomiers.com\/georgesand\/?p=3071"},"modified":"2025-01-08T18:05:06","modified_gmt":"2025-01-08T17:05:06","slug":"non-au-harcelement-et-a-la-violence","status":"publish","type":"post","link":"https:\/\/api-colomiers.com\/georgesand\/2025\/01\/08\/non-au-harcelement-et-a-la-violence\/","title":{"rendered":"NON au harc\u00e8lement et \u00e0 la VIOLENCE !"},"content":{"rendered":"\n<figure class=\"wp-block-image size-full\"><a href=\"https:\/\/api-colomiers.com\/georgesand\/wp-content\/uploads\/2025\/01\/image.png\"><img loading=\"lazy\" decoding=\"async\" width=\"474\" height=\"300\" src=\"https:\/\/api-colomiers.com\/georgesand\/wp-content\/uploads\/2025\/01\/image.png\" alt=\"\" class=\"wp-image-3072\" srcset=\"https:\/\/api-colomiers.com\/georgesand\/wp-content\/uploads\/2025\/01\/image.png 474w, https:\/\/api-colomiers.com\/georgesand\/wp-content\/uploads\/2025\/01\/image-300x190.png 300w\" sizes=\"auto, (max-width: 474px) 100vw, 474px\" \/><\/a><\/figure>\n\n\n\n<p>Chers parents,<\/p>\n\n\n\n<p>En ce d\u00e9but d&rsquo;ann\u00e9e 2025, nous revenons vers vous avec un sujet on ne peut plus s\u00e9rieux et crucial: <strong>s&rsquo;opposer \u00e0 toute forme de violence, qu&rsquo;elle soit verbale ou physique.<\/strong><\/p>\n\n\n\n<p>Nous sommes en effet de plus en plus souvent alert\u00e9s par des parents de notre \u00e9cole pour des faits de violence entre enfants sur les temps scolaires et ALAE. Cela a \u00e9t\u00e9 le cas lors du premier trimestre de cette ann\u00e9e scolaire et nous, API, avons demand\u00e9 \u00e0 rencontrer la directrice de l&rsquo;ALAE \u00e9l\u00e9mentaire G Sand pour en discuter juste avant les vacances de No\u00ebl. Mme Pascoual \u00e9tait accompagn\u00e9e, lors de cet \u00e9change, de Mme Fuentes qui est charg\u00e9e de la coordination des ALAE \u00e9l\u00e9mentaire de Colomiers pour la Mairie.<\/p>\n\n\n\n<p>Sachez que l&rsquo;\u00e9cole, l&rsquo;ALAE et la Mairie prennent tr\u00e8s au s\u00e9rieux les faits de violence et les condamnent fortement. La violence n&rsquo;est pas acceptable!<\/p>\n\n\n\n<ul class=\"wp-block-list\">\n<li>les harceleurs doivent comprendre qu&rsquo;ils ne doivent pas agir de la sorte<\/li>\n\n\n\n<li>les harcel\u00e9s doivent savoir que ce n&rsquo;est pas acceptable<\/li>\n<\/ul>\n\n\n\n<p>Il convient donc de ne pas banaliser, minimiser ou accepter la violence!<\/p>\n\n\n\n<p><strong>La violence est \u00e9vitable.<\/strong><\/p>\n\n\n\n<p><strong>Nous pouvons tous apporter notre contribution<\/strong> pour l&rsquo;\u00e9viter!<\/p>\n\n\n\n<p><strong>Les parents notamment jouent un r\u00f4le essentiel<\/strong> dans la pr\u00e9vention de la violence \u00e0 l&rsquo;\u00e9cole et dans la lutte contre ce ph\u00e9nom\u00e8ne. Nous comptons ainsi sur chacun de vous pour parler avec vos enfants,: leur dire que la violence ne r\u00e9sout rien, qu\u2019elle n&rsquo;est pas acceptable et leur indiquer aussi qu&rsquo;ils doivent, syst\u00e9matiquement et imm\u00e9diatement (d\u00e8s le premier fait de violence, verbale et\/ou physique), en r\u00e9f\u00e9rer \u00e0 un adulte de l&rsquo;\u00e9cole.<\/p>\n\n\n\n<p><strong>L&rsquo;ALAE<\/strong> a mis en place avant les vacances de No\u00ebl une nouvelle organisation, en cours de test, qui devrait leur permettre de faire des sensibilisations aupr\u00e8s des enfants, par groupes d&rsquo;\u00e2ge, adaptant ainsi le discours. Sachez aussi que tous les animateurs ont \u00e9t\u00e9 form\u00e9s&nbsp; \u00e0 la&nbsp; gestion des conflits et au rep\u00e9rage du harc\u00e8lement.<\/p>\n\n\n\n<p>Voici quelques \u00e9l\u00e9ments qui illustrent, les effets n\u00e9fastes de la violence, surtout sur nos jeunes enfants et les cons\u00e9quences \u00e0 court mais aussi \u00e0 long terme:<\/p>\n\n\n\n<ul class=\"wp-block-list\">\n<li>La violence alimente la violence. Les enfants qui grandissent dans des milieux affect\u00e9s par la violence ont plus de risques d&rsquo;avoir un comportement violent une fois adultes<\/li>\n\n\n\n<li>La violence a des cons\u00e9quences permanentes. Le stress nocif associ\u00e9 \u00e0 une exposition r\u00e9p\u00e9t\u00e9e \u00e0 la violence dans l&rsquo;enfance peut interf\u00e9rer avec le bon d\u00e9veloppement du cerveau et engendrer des comportements agressifs et antisociaux<\/li>\n\n\n\n<li>D\u00e9pression, perte de confiance en soi&#8230; la violence scolaire n&rsquo;est pas sans cons\u00e9quences sur le d\u00e9veloppement des enfants victimes et de leurs jeunes agresseurs.<\/li>\n<\/ul>\n\n\n\n<p>Si vous souhaitez vous documenter un peu plus sur le sujet, nous vous proposons de prendre connaissance de cet article: <a href=\"https:\/\/www.parents.fr\/enfant\/ecole\/harcelement-scolaire\/violence-scolaire-les-consequences-sur-les-enfants-7054\">Harc\u00e8lement scolaire : les cons\u00e9quences sur les enfants (revue &lsquo;Parents&nbsp; Janvier 2024)<\/a>.<\/p>\n\n\n\n<p>Sans vouloir dresser un portrait trop noir de la situation, <strong>nous souhaitons vraiment insister sur le fait qu&rsquo;il ne faut en aucun cas accepter la violence et que nous, parents, avons un r\u00f4le essentiel \u00e0 jouer aupr\u00e8s de nos enfants.<\/strong><\/p>\n\n\n\n<p>N&rsquo;oubliez pas que nous sommes \u00e0 votre disposition en tant que porte paroles aupr\u00e8s de l&rsquo;\u00e9cole, de l&rsquo;ALAE et de la mairie.<\/p>\n\n\n\n<p>Bien \u00e0 vous,<\/p>\n\n\n\n<p>L&rsquo;\u00e9quipe API \u00e9l\u00e9mentaire G Sand<\/p>\n\n\n\n<figure class=\"wp-block-image size-full is-resized\"><a href=\"https:\/\/api-colomiers.com\/georgesand\/wp-content\/uploads\/2024\/06\/image.png\"><img loading=\"lazy\" decoding=\"async\" width=\"270\" height=\"270\" src=\"https:\/\/api-colomiers.com\/georgesand\/wp-content\/uploads\/2024\/06\/image.png\" alt=\"\" class=\"wp-image-2936\" style=\"width:106px;height:auto\" srcset=\"https:\/\/api-colomiers.com\/georgesand\/wp-content\/uploads\/2024\/06\/image.png 270w, https:\/\/api-colomiers.com\/georgesand\/wp-content\/uploads\/2024\/06\/image-150x150.png 150w, https:\/\/api-colomiers.com\/georgesand\/wp-content\/uploads\/2024\/06\/image-230x230.png 230w\" sizes=\"auto, (max-width: 270px) 100vw, 270px\" \/><\/a><\/figure>\n","protected":false},"excerpt":{"rendered":"<p>Chers parents, En ce d\u00e9but d&rsquo;ann\u00e9e 2025, nous revenons vers vous avec un sujet on ne peut plus s\u00e9rieux et crucial: s&rsquo;opposer \u00e0 toute forme de violence, qu&rsquo;elle soit verbale ou physique. Nous sommes en effet de plus en plus<\/p>\n","protected":false},"author":10,"featured_media":0,"comment_status":"closed","ping_status":"open","sticky":false,"template":"","format":"standard","meta":{"footnotes":""},"categories":[7],"tags":[],"class_list":["post-3071","post","type-post","status-publish","format-standard","hentry","category-elementaire"],"_links":{"self":[{"href":"https:\/\/api-colomiers.com\/georgesand\/wp-json\/wp\/v2\/posts\/3071","targetHints":{"allow":["GET"]}}],"collection":[{"href":"https:\/\/api-colomiers.com\/georgesand\/wp-json\/wp\/v2\/posts"}],"about":[{"href":"https:\/\/api-colomiers.com\/georgesand\/wp-json\/wp\/v2\/types\/post"}],"author":[{"embeddable":true,"href":"https:\/\/api-colomiers.com\/georgesand\/wp-json\/wp\/v2\/users\/10"}],"replies":[{"embeddable":true,"href":"https:\/\/api-colomiers.com\/georgesand\/wp-json\/wp\/v2\/comments?post=3071"}],"version-history":[{"count":4,"href":"https:\/\/api-colomiers.com\/georgesand\/wp-json\/wp\/v2\/posts\/3071\/revisions"}],"predecessor-version":[{"id":3076,"href":"https:\/\/api-colomiers.com\/georgesand\/wp-json\/wp\/v2\/posts\/3071\/revisions\/3076"}],"wp:attachment":[{"href":"https:\/\/api-colomiers.com\/georgesand\/wp-json\/wp\/v2\/media?parent=3071"}],"wp:term":[{"taxonomy":"category","embeddable":true,"href":"https:\/\/api-colomiers.com\/georgesand\/wp-json\/wp\/v2\/categories?post=3071"},{"taxonomy":"post_tag","embeddable":true,"href":"https:\/\/api-colomiers.com\/georgesand\/wp-json\/wp\/v2\/tags?post=3071"}],"curies":[{"name":"wp","href":"https:\/\/api.w.org\/{rel}","templated":true}]}}