{"id":2795,"date":"2023-06-01T07:00:00","date_gmt":"2023-06-01T06:00:00","guid":{"rendered":"https:\/\/api-colomiers.com\/georgesand\/?p=2795"},"modified":"2023-06-02T07:57:10","modified_gmt":"2023-06-02T06:57:10","slug":"vente-de-gateaux-marche-plein-vent-du-samedi-10-juin-2023","status":"publish","type":"post","link":"https:\/\/api-colomiers.com\/georgesand\/2023\/06\/01\/vente-de-gateaux-marche-plein-vent-du-samedi-10-juin-2023\/","title":{"rendered":"Vente de g\u00e2teaux &#8211; Maternelle \u2013 March\u00e9 plein vent du Samedi 10 Juin 2023"},"content":{"rendered":"\n<p>2 fa\u00e7ons d\u2019aider l\u2019association \u00e0 r\u00e9colter des fonds au profit de la coop\u00e9rative scolaire G.Sand Maternelle :<\/p>\n\n\n\n<ul class=\"wp-block-list\">\n<li>Confectionner un ou plusieurs g\u00e2teaux* et les apporter \u00e0 l&rsquo;\u00e9cole le vendredi 09 Juin \u00e0 l&rsquo;ALAE ou directement sur le march\u00e9 samedi matin (\u00e0 partir de 8h)<\/li>\n\n\n\n<li>Venir acheter une ou plusieurs parts sur le march\u00e9 de plein vent sur le parking de Super U<\/li>\n<\/ul>\n\n\n\n<ul class=\"wp-block-list\">\n<li><\/li>\n<\/ul>\n\n\n\n<p>Cela pourra \u00eatre un moment d\u00e9change avec l\u2019association des parents d\u2019\u00e9l\u00e8ves<\/p>\n\n\n\n<p>*Privil\u00e9giez les g\u00e2teaux moelleux, cr\u00eapes, cookies, brookies, cakes\u2026<\/p>\n\n\n\n<p>*Emballez-les bien les g\u00e2teaux<\/p>\n\n\n\n<p>Venez nous faire un petit coucou entre 8h et 13h&nbsp;!! Nous vous attendons nombreux. Et si vous ne pouvez pas venir, parlez-en autour de vous&nbsp;&#x1f60a;<\/p>\n\n\n\n<p>Merci \u00e0 tous ceux qui nous aiderons de pr\u00e8s ou de loin&nbsp;!!<\/p>\n\n\n<div class=\"wp-block-image\">\n<figure class=\"aligncenter size-full\"><a href=\"https:\/\/api-colomiers.com\/georgesand\/wp-content\/uploads\/2023\/05\/gateaux_picto.png\"><img loading=\"lazy\" decoding=\"async\" width=\"239\" height=\"239\" src=\"https:\/\/api-colomiers.com\/georgesand\/wp-content\/uploads\/2023\/05\/gateaux_picto.png\" alt=\"\" class=\"wp-image-2797\" srcset=\"https:\/\/api-colomiers.com\/georgesand\/wp-content\/uploads\/2023\/05\/gateaux_picto.png 239w, https:\/\/api-colomiers.com\/georgesand\/wp-content\/uploads\/2023\/05\/gateaux_picto-150x150.png 150w, https:\/\/api-colomiers.com\/georgesand\/wp-content\/uploads\/2023\/05\/gateaux_picto-230x230.png 230w\" sizes=\"auto, (max-width: 239px) 100vw, 239px\" \/><\/a><\/figure><\/div>","protected":false},"excerpt":{"rendered":"<p>2 fa\u00e7ons d\u2019aider l\u2019association \u00e0 r\u00e9colter des fonds au profit de la coop\u00e9rative scolaire G.Sand Maternelle : Cela pourra \u00eatre un moment d\u00e9change avec l\u2019association des parents d\u2019\u00e9l\u00e8ves *Privil\u00e9giez les g\u00e2teaux moelleux, cr\u00eapes, cookies, brookies, cakes\u2026 *Emballez-les bien les g\u00e2teaux<\/p>\n","protected":false},"author":21,"featured_media":0,"comment_status":"closed","ping_status":"open","sticky":false,"template":"","format":"standard","meta":{"footnotes":""},"categories":[5,6,1],"tags":[],"class_list":["post-2795","post","type-post","status-publish","format-standard","hentry","category-cooperative-scolaire","category-maternelle","category-non-classe"],"_links":{"self":[{"href":"https:\/\/api-colomiers.com\/georgesand\/wp-json\/wp\/v2\/posts\/2795","targetHints":{"allow":["GET"]}}],"collection":[{"href":"https:\/\/api-colomiers.com\/georgesand\/wp-json\/wp\/v2\/posts"}],"about":[{"href":"https:\/\/api-colomiers.com\/georgesand\/wp-json\/wp\/v2\/types\/post"}],"author":[{"embeddable":true,"href":"https:\/\/api-colomiers.com\/georgesand\/wp-json\/wp\/v2\/users\/21"}],"replies":[{"embeddable":true,"href":"https:\/\/api-colomiers.com\/georgesand\/wp-json\/wp\/v2\/comments?post=2795"}],"version-history":[{"count":7,"href":"https:\/\/api-colomiers.com\/georgesand\/wp-json\/wp\/v2\/posts\/2795\/revisions"}],"predecessor-version":[{"id":2814,"href":"https:\/\/api-colomiers.com\/georgesand\/wp-json\/wp\/v2\/posts\/2795\/revisions\/2814"}],"wp:attachment":[{"href":"https:\/\/api-colomiers.com\/georgesand\/wp-json\/wp\/v2\/media?parent=2795"}],"wp:term":[{"taxonomy":"category","embeddable":true,"href":"https:\/\/api-colomiers.com\/georgesand\/wp-json\/wp\/v2\/categories?post=2795"},{"taxonomy":"post_tag","embeddable":true,"href":"https:\/\/api-colomiers.com\/georgesand\/wp-json\/wp\/v2\/tags?post=2795"}],"curies":[{"name":"wp","href":"https:\/\/api.w.org\/{rel}","templated":true}]}}