{"id":2670,"date":"2022-09-30T20:36:13","date_gmt":"2022-09-30T19:36:13","guid":{"rendered":"https:\/\/api-colomiers.com\/georgesand\/?p=2670"},"modified":"2022-09-30T20:36:14","modified_gmt":"2022-09-30T19:36:14","slug":"maternelle-elections-7-octobre","status":"publish","type":"post","link":"https:\/\/api-colomiers.com\/georgesand\/2022\/09\/30\/maternelle-elections-7-octobre\/","title":{"rendered":"Maternelle &#8211; Elections 7 octobre"},"content":{"rendered":"\n<figure class=\"wp-block-image size-full is-resized\"><a href=\"https:\/\/api-colomiers.com\/georgesand\/wp-content\/uploads\/2020\/09\/vote1.png\"><img loading=\"lazy\" decoding=\"async\" src=\"https:\/\/api-colomiers.com\/georgesand\/wp-content\/uploads\/2020\/09\/vote1.png\" alt=\"\" class=\"wp-image-2089\" width=\"104\" height=\"97\"\/><\/a><\/figure>\n\n\n\n<p>Chers parents, <\/p>\n\n\n\n<p>Vous \u00eates appel\u00e9s \u00e0 voter par correspondance d&rsquo;ici le 7 octobre pour \u00e9lire vos prochains repr\u00e9sentants des parents d&rsquo;\u00e9l\u00e8ves.<\/p>\n\n\n\n<p>Notre association de parents d&rsquo;\u00e9l\u00e8ves ind\u00e9pendants vous propose une nouvelle \u00e9quipe pour l&rsquo;ann\u00e9e scolaire. Cette \u00e9quipe aura pour but d&rsquo;\u00eatre votre porte-parole, notamment lors des conseils d&rsquo;\u00e9cole, pour faire le lien avec l&rsquo;\u00e9cole, l&rsquo;ALAE et la Mairie.<\/p>\n\n\n\n<p>Voici notre profession de foi qui explique plus en d\u00e9tail notre r\u00f4le et nos objectifs. Bonne lecture !<\/p>\n\n\n\n<figure class=\"wp-block-image size-full\"><a href=\"https:\/\/api-colomiers.com\/georgesand\/wp-content\/uploads\/2022\/09\/APImaterPdFoi2022.jpg\"><img loading=\"lazy\" decoding=\"async\" width=\"482\" height=\"699\" src=\"https:\/\/api-colomiers.com\/georgesand\/wp-content\/uploads\/2022\/09\/APImaterPdFoi2022.jpg\" alt=\"\" class=\"wp-image-2671\" srcset=\"https:\/\/api-colomiers.com\/georgesand\/wp-content\/uploads\/2022\/09\/APImaterPdFoi2022.jpg 482w, https:\/\/api-colomiers.com\/georgesand\/wp-content\/uploads\/2022\/09\/APImaterPdFoi2022-207x300.jpg 207w\" sizes=\"auto, (max-width: 482px) 100vw, 482px\" \/><\/a><\/figure>\n\n\n\n<p>Prenez soin de bien suivre les consignes pour le vote et ce afin que votre voix compte, \u00e0 savoir: <strong>ne rien inscrire sur le bulletin de vote, ne rien inscrire sur la petite enveloppe, signer et fermer la grande enveloppe<\/strong>.<\/p>\n\n\n\n<p>N&rsquo;h\u00e9sitez pas \u00e0 faire appel \u00e0 l&rsquo;\u00e9quipe actuelle pour toute question.<\/p>\n\n\n\n<p>Bien \u00e0 vous,<\/p>\n\n\n\n<p>l&rsquo;API maternelle George Sand<\/p>\n\n\n\n<figure class=\"wp-block-image size-large is-resized\"><a href=\"https:\/\/api-colomiers.com\/georgesand\/wp-content\/uploads\/2016\/09\/LOGO-API2.jpg\"><img loading=\"lazy\" decoding=\"async\" src=\"https:\/\/api-colomiers.com\/georgesand\/wp-content\/uploads\/2016\/09\/LOGO-API2-1024x1024.jpg\" alt=\"\" class=\"wp-image-527\" width=\"168\" height=\"168\" srcset=\"https:\/\/api-colomiers.com\/georgesand\/wp-content\/uploads\/2016\/09\/LOGO-API2-1024x1024.jpg 1024w, https:\/\/api-colomiers.com\/georgesand\/wp-content\/uploads\/2016\/09\/LOGO-API2-150x150.jpg 150w, https:\/\/api-colomiers.com\/georgesand\/wp-content\/uploads\/2016\/09\/LOGO-API2-300x300.jpg 300w, https:\/\/api-colomiers.com\/georgesand\/wp-content\/uploads\/2016\/09\/LOGO-API2-768x768.jpg 768w, https:\/\/api-colomiers.com\/georgesand\/wp-content\/uploads\/2016\/09\/LOGO-API2-600x600.jpg 600w, https:\/\/api-colomiers.com\/georgesand\/wp-content\/uploads\/2016\/09\/LOGO-API2-270x270.jpg 270w, https:\/\/api-colomiers.com\/georgesand\/wp-content\/uploads\/2016\/09\/LOGO-API2-230x230.jpg 230w, https:\/\/api-colomiers.com\/georgesand\/wp-content\/uploads\/2016\/09\/LOGO-API2.jpg 1500w\" sizes=\"auto, (max-width: 168px) 100vw, 168px\" \/><\/a><\/figure>\n","protected":false},"excerpt":{"rendered":"<p>Chers parents, Vous \u00eates appel\u00e9s \u00e0 voter par correspondance d&rsquo;ici le 7 octobre pour \u00e9lire vos prochains repr\u00e9sentants des parents d&rsquo;\u00e9l\u00e8ves. Notre association de parents d&rsquo;\u00e9l\u00e8ves ind\u00e9pendants vous propose une nouvelle \u00e9quipe pour l&rsquo;ann\u00e9e scolaire. Cette \u00e9quipe aura pour but<\/p>\n","protected":false},"author":10,"featured_media":0,"comment_status":"closed","ping_status":"open","sticky":false,"template":"","format":"standard","meta":{"footnotes":""},"categories":[6],"tags":[],"class_list":["post-2670","post","type-post","status-publish","format-standard","hentry","category-maternelle"],"_links":{"self":[{"href":"https:\/\/api-colomiers.com\/georgesand\/wp-json\/wp\/v2\/posts\/2670","targetHints":{"allow":["GET"]}}],"collection":[{"href":"https:\/\/api-colomiers.com\/georgesand\/wp-json\/wp\/v2\/posts"}],"about":[{"href":"https:\/\/api-colomiers.com\/georgesand\/wp-json\/wp\/v2\/types\/post"}],"author":[{"embeddable":true,"href":"https:\/\/api-colomiers.com\/georgesand\/wp-json\/wp\/v2\/users\/10"}],"replies":[{"embeddable":true,"href":"https:\/\/api-colomiers.com\/georgesand\/wp-json\/wp\/v2\/comments?post=2670"}],"version-history":[{"count":1,"href":"https:\/\/api-colomiers.com\/georgesand\/wp-json\/wp\/v2\/posts\/2670\/revisions"}],"predecessor-version":[{"id":2672,"href":"https:\/\/api-colomiers.com\/georgesand\/wp-json\/wp\/v2\/posts\/2670\/revisions\/2672"}],"wp:attachment":[{"href":"https:\/\/api-colomiers.com\/georgesand\/wp-json\/wp\/v2\/media?parent=2670"}],"wp:term":[{"taxonomy":"category","embeddable":true,"href":"https:\/\/api-colomiers.com\/georgesand\/wp-json\/wp\/v2\/categories?post=2670"},{"taxonomy":"post_tag","embeddable":true,"href":"https:\/\/api-colomiers.com\/georgesand\/wp-json\/wp\/v2\/tags?post=2670"}],"curies":[{"name":"wp","href":"https:\/\/api.w.org\/{rel}","templated":true}]}}