{"id":2654,"date":"2022-09-14T21:03:07","date_gmt":"2022-09-14T20:03:07","guid":{"rendered":"https:\/\/api-colomiers.com\/georgesand\/?p=2654"},"modified":"2022-09-14T21:03:08","modified_gmt":"2022-09-14T20:03:08","slug":"maternelle-rejoignez-nous-2","status":"publish","type":"post","link":"https:\/\/api-colomiers.com\/georgesand\/2022\/09\/14\/maternelle-rejoignez-nous-2\/","title":{"rendered":"Maternelle &#8211; Rejoignez-nous !"},"content":{"rendered":"\n<figure class=\"wp-block-image size-full\"><a href=\"https:\/\/api-colomiers.com\/georgesand\/wp-content\/uploads\/2018\/09\/emploi.jpg\"><img loading=\"lazy\" decoding=\"async\" width=\"518\" height=\"162\" src=\"https:\/\/api-colomiers.com\/georgesand\/wp-content\/uploads\/2018\/09\/emploi.jpg\" alt=\"\" class=\"wp-image-1205\" srcset=\"https:\/\/api-colomiers.com\/georgesand\/wp-content\/uploads\/2018\/09\/emploi.jpg 518w, https:\/\/api-colomiers.com\/georgesand\/wp-content\/uploads\/2018\/09\/emploi-300x94.jpg 300w\" sizes=\"auto, (max-width: 518px) 100vw, 518px\" \/><\/a><\/figure>\n\n\n\n<p>Chers parents,<\/p>\n\n\n\n<p>Vous souhaitez vous impliquer dans la vie de notre \u00e9cole?<\/p>\n\n\n\n<p>Notre association de parents d\u2019\u00e9l\u00e8ves, l&rsquo;<strong>API<\/strong>, est ind\u00e9pendante, apolitique et sans hi\u00e9rarchie.<\/p>\n\n\n\n<p>Nous accueillons dans l\u2019association tous les parents qui s\u2019int\u00e9ressent \u00e0 la vie de l\u2019\u00e9cole et au bien-\u00eatre des enfants. Notre \u00e9quipeest conviviale et ouverte, elle doit se renouveler de fa\u00e7on permanente.<\/p>\n\n\n\n<p><strong>N\u2019h\u00e9sitez pas \u00e0 nous rejoindre !<\/strong><\/p>\n\n\n\n<p>Contactez-nous \u00e0 l\u2019adresse suivante pour la <strong>maternelle<\/strong>:<\/p>\n\n\n\n<p><strong><a href=\"mailto:parents.sand.mater@gmail.com\">parents.sand.mater@gmail.com<\/a><\/strong><\/p>\n\n\n\n<p>Nous devons constituer nos listes <strong>au plus tard le 21 Septembre<\/strong>.<\/p>\n\n\n\n<p><\/p>\n\n\n\n<p><em>Restez inform\u00e9s de nos actions et de la vie de l\u2019\u00e9cole gr\u00e2ce \u00e0 notre site internet et notre newsletter:<\/em>   <a href=\"https:\/\/api-colomiers.com\/georgesand\/\">https:\/\/api-colomiers.com\/georgesand\/<\/a><\/p>\n\n\n\n<figure class=\"wp-block-image size-large is-resized\"><img loading=\"lazy\" decoding=\"async\" src=\"https:\/\/api-colomiers.com\/georgesand\/wp-content\/uploads\/2016\/09\/LOGO-API2-1024x1024.jpg\" alt=\"\" class=\"wp-image-527\" width=\"198\" height=\"198\" srcset=\"https:\/\/api-colomiers.com\/georgesand\/wp-content\/uploads\/2016\/09\/LOGO-API2-1024x1024.jpg 1024w, https:\/\/api-colomiers.com\/georgesand\/wp-content\/uploads\/2016\/09\/LOGO-API2-150x150.jpg 150w, https:\/\/api-colomiers.com\/georgesand\/wp-content\/uploads\/2016\/09\/LOGO-API2-300x300.jpg 300w, https:\/\/api-colomiers.com\/georgesand\/wp-content\/uploads\/2016\/09\/LOGO-API2-768x768.jpg 768w, https:\/\/api-colomiers.com\/georgesand\/wp-content\/uploads\/2016\/09\/LOGO-API2-600x600.jpg 600w, https:\/\/api-colomiers.com\/georgesand\/wp-content\/uploads\/2016\/09\/LOGO-API2-270x270.jpg 270w, https:\/\/api-colomiers.com\/georgesand\/wp-content\/uploads\/2016\/09\/LOGO-API2-230x230.jpg 230w, https:\/\/api-colomiers.com\/georgesand\/wp-content\/uploads\/2016\/09\/LOGO-API2.jpg 1500w\" sizes=\"auto, (max-width: 198px) 100vw, 198px\" \/><\/figure>\n","protected":false},"excerpt":{"rendered":"<p>Chers parents, Vous souhaitez vous impliquer dans la vie de notre \u00e9cole? Notre association de parents d\u2019\u00e9l\u00e8ves, l&rsquo;API, est ind\u00e9pendante, apolitique et sans hi\u00e9rarchie. Nous accueillons dans l\u2019association tous les parents qui s\u2019int\u00e9ressent \u00e0 la vie de l\u2019\u00e9cole et au<\/p>\n","protected":false},"author":10,"featured_media":0,"comment_status":"closed","ping_status":"open","sticky":false,"template":"","format":"standard","meta":{"footnotes":""},"categories":[6,25],"tags":[],"class_list":["post-2654","post","type-post","status-publish","format-standard","hentry","category-maternelle","category-rentree"],"_links":{"self":[{"href":"https:\/\/api-colomiers.com\/georgesand\/wp-json\/wp\/v2\/posts\/2654","targetHints":{"allow":["GET"]}}],"collection":[{"href":"https:\/\/api-colomiers.com\/georgesand\/wp-json\/wp\/v2\/posts"}],"about":[{"href":"https:\/\/api-colomiers.com\/georgesand\/wp-json\/wp\/v2\/types\/post"}],"author":[{"embeddable":true,"href":"https:\/\/api-colomiers.com\/georgesand\/wp-json\/wp\/v2\/users\/10"}],"replies":[{"embeddable":true,"href":"https:\/\/api-colomiers.com\/georgesand\/wp-json\/wp\/v2\/comments?post=2654"}],"version-history":[{"count":1,"href":"https:\/\/api-colomiers.com\/georgesand\/wp-json\/wp\/v2\/posts\/2654\/revisions"}],"predecessor-version":[{"id":2655,"href":"https:\/\/api-colomiers.com\/georgesand\/wp-json\/wp\/v2\/posts\/2654\/revisions\/2655"}],"wp:attachment":[{"href":"https:\/\/api-colomiers.com\/georgesand\/wp-json\/wp\/v2\/media?parent=2654"}],"wp:term":[{"taxonomy":"category","embeddable":true,"href":"https:\/\/api-colomiers.com\/georgesand\/wp-json\/wp\/v2\/categories?post=2654"},{"taxonomy":"post_tag","embeddable":true,"href":"https:\/\/api-colomiers.com\/georgesand\/wp-json\/wp\/v2\/tags?post=2654"}],"curies":[{"name":"wp","href":"https:\/\/api.w.org\/{rel}","templated":true}]}}