{"id":2602,"date":"2022-02-16T21:15:53","date_gmt":"2022-02-16T20:15:53","guid":{"rendered":"https:\/\/api-colomiers.com\/georgesand\/?p=2602"},"modified":"2022-02-16T21:15:53","modified_gmt":"2022-02-16T20:15:53","slug":"vente-groupee-de-produits-bijou-madeleines","status":"publish","type":"post","link":"https:\/\/api-colomiers.com\/georgesand\/2022\/02\/16\/vente-groupee-de-produits-bijou-madeleines\/","title":{"rendered":"Vente group\u00e9e de produits BIJOU (madeleines &#8230;)"},"content":{"rendered":"\n<figure class=\"wp-block-image size-full\"><a href=\"https:\/\/api-colomiers.com\/georgesand\/wp-content\/uploads\/2022\/02\/image.png\"><img loading=\"lazy\" decoding=\"async\" width=\"235\" height=\"252\" src=\"https:\/\/api-colomiers.com\/georgesand\/wp-content\/uploads\/2022\/02\/image.png\" alt=\"\" class=\"wp-image-2603\"\/><\/a><\/figure>\n\n\n\n<p>Chers parents,<\/p>\n\n\n\n<p>L&rsquo;association des parents ind\u00e9pendants des \u00e9coles H\u00e9l\u00e8ne Boucher et George Sand s&rsquo;associent pour organiser une vente de madeleines Bijou dont les b\u00e9n\u00e9fices abonderont les Coop\u00e9ratives Scolaires respectives pour financer des projets ou sorties scolaires.<\/p>\n\n\n\n<p>Les petits et grands gourmands pourront ainsi se r\u00e9galer gr\u00e2ce aux nombreux produits propos\u00e9s : madeleines, biscuits et p\u00e2tisseries. Avec des emballages individuels, tr\u00e8s pratiques pour le go\u00fbter de nos enfants !<\/p>\n\n\n\n<p>Vous trouverez ci-joint :<\/p>\n\n\n\n<p>&#8211; Le catalogue des produits :<\/p>\n\n\n\n<div data-wp-interactive=\"core\/file\" class=\"wp-block-file\"><object data-wp-bind--hidden=\"!state.hasPdfPreview\" hidden class=\"wp-block-file__embed\" data=\"https:\/\/api-colomiers.com\/georgesand\/wp-content\/uploads\/2022\/02\/BijouCat_Interieur.pdf\" type=\"application\/pdf\" style=\"width:100%;height:200px\" aria-label=\"Contenu embarqu\u00e9 Contenu embarqu\u00e9 BijouCat_Interieur..\"><\/object><a href=\"https:\/\/api-colomiers.com\/georgesand\/wp-content\/uploads\/2022\/02\/BijouCat_Interieur.pdf\">BijouCat_Interieur<\/a><a href=\"https:\/\/api-colomiers.com\/georgesand\/wp-content\/uploads\/2022\/02\/BijouCat_Interieur.pdf\" class=\"wp-block-file__button\" download>T\u00e9l\u00e9charger<\/a><\/div>\n\n\n\n<p>&#8211; Le Catalogue sp\u00e9cifique P\u00e2ques :<\/p>\n\n\n\n<div data-wp-interactive=\"core\/file\" class=\"wp-block-file\"><object data-wp-bind--hidden=\"!state.hasPdfPreview\" hidden class=\"wp-block-file__embed\" data=\"https:\/\/api-colomiers.com\/georgesand\/wp-content\/uploads\/2022\/02\/Bijou_Paques.pdf\" type=\"application\/pdf\" style=\"width:100%;height:200px\" aria-label=\"Contenu embarqu\u00e9 Contenu embarqu\u00e9 Bijou_Paques..\"><\/object><a href=\"https:\/\/api-colomiers.com\/georgesand\/wp-content\/uploads\/2022\/02\/Bijou_Paques.pdf\">Bijou_Paques<\/a><a href=\"https:\/\/api-colomiers.com\/georgesand\/wp-content\/uploads\/2022\/02\/Bijou_Paques.pdf\" class=\"wp-block-file__button\" download>T\u00e9l\u00e9charger<\/a><\/div>\n\n\n\n<p>&#8211; L\u2019entreprise BIJOU, la liste des ingr\u00e9dients, les valeurs nutritionnelles:<\/p>\n\n\n\n<div data-wp-interactive=\"core\/file\" class=\"wp-block-file\"><object data-wp-bind--hidden=\"!state.hasPdfPreview\" hidden class=\"wp-block-file__embed\" data=\"https:\/\/api-colomiers.com\/georgesand\/wp-content\/uploads\/2022\/02\/BijouCat_Exterieur.pdf\" type=\"application\/pdf\" style=\"width:100%;height:200px\" aria-label=\"Contenu embarqu\u00e9 Contenu embarqu\u00e9 BijouCat_Exterieur..\"><\/object><a href=\"https:\/\/api-colomiers.com\/georgesand\/wp-content\/uploads\/2022\/02\/BijouCat_Exterieur.pdf\">BijouCat_Exterieur<\/a><a href=\"https:\/\/api-colomiers.com\/georgesand\/wp-content\/uploads\/2022\/02\/BijouCat_Exterieur.pdf\" class=\"wp-block-file__button\" download>T\u00e9l\u00e9charger<\/a><\/div>\n\n\n\n<p>&#8211; Le bon de commande<\/p>\n\n\n\n<div data-wp-interactive=\"core\/file\" class=\"wp-block-file\"><object data-wp-bind--hidden=\"!state.hasPdfPreview\" hidden class=\"wp-block-file__embed\" data=\"https:\/\/api-colomiers.com\/georgesand\/wp-content\/uploads\/2022\/02\/Bijou_BdCXL2022.pdf\" type=\"application\/pdf\" style=\"width:100%;height:200px\" aria-label=\"Contenu embarqu\u00e9 Contenu embarqu\u00e9 Bijou_BdCXL2022..\"><\/object><a href=\"https:\/\/api-colomiers.com\/georgesand\/wp-content\/uploads\/2022\/02\/Bijou_BdCXL2022.pdf\">Bijou_BdCXL2022<\/a><a href=\"https:\/\/api-colomiers.com\/georgesand\/wp-content\/uploads\/2022\/02\/Bijou_BdCXL2022.pdf\" class=\"wp-block-file__button\" download>T\u00e9l\u00e9charger<\/a><\/div>\n\n\n\n<p>Merci de joindre votre r\u00e8glement avec l\u2019ordre \u00ab <strong>API COLOMIERS <\/strong>\u00bb ou par esp\u00e8ces, et le glisser dans la boite aux lettres API de l\u2019\u00e9cole.<\/p>\n\n\n\n<p><strong>La date limite pour commander est fix\u00e9e au vendredi 11 Mars 2022 <\/strong>pour une livraison pr\u00e9vue fin Mars.<\/p>\n\n\n\n<p>Les modalit\u00e9s de distribution des commandes vous seront indiqu\u00e9es ult\u00e9rieurement.<\/p>\n\n\n\n<p>Nous vous remercions de votre participation.<\/p>\n\n\n\n<p>Vivement la d\u00e9gustation&#8230;<\/p>\n\n\n\n<p>L&rsquo;API des \u00e9coles HB et GS<\/p>\n\n\n\n<figure class=\"wp-block-image size-large is-resized\"><a href=\"https:\/\/api-colomiers.com\/georgesand\/wp-content\/uploads\/2016\/09\/LOGO-API2.jpg\"><img loading=\"lazy\" decoding=\"async\" src=\"https:\/\/api-colomiers.com\/georgesand\/wp-content\/uploads\/2016\/09\/LOGO-API2-1024x1024.jpg\" alt=\"\" class=\"wp-image-527\" width=\"116\" height=\"116\" srcset=\"https:\/\/api-colomiers.com\/georgesand\/wp-content\/uploads\/2016\/09\/LOGO-API2-1024x1024.jpg 1024w, https:\/\/api-colomiers.com\/georgesand\/wp-content\/uploads\/2016\/09\/LOGO-API2-150x150.jpg 150w, https:\/\/api-colomiers.com\/georgesand\/wp-content\/uploads\/2016\/09\/LOGO-API2-300x300.jpg 300w, https:\/\/api-colomiers.com\/georgesand\/wp-content\/uploads\/2016\/09\/LOGO-API2-768x768.jpg 768w, https:\/\/api-colomiers.com\/georgesand\/wp-content\/uploads\/2016\/09\/LOGO-API2-600x600.jpg 600w, https:\/\/api-colomiers.com\/georgesand\/wp-content\/uploads\/2016\/09\/LOGO-API2-270x270.jpg 270w, https:\/\/api-colomiers.com\/georgesand\/wp-content\/uploads\/2016\/09\/LOGO-API2-230x230.jpg 230w, https:\/\/api-colomiers.com\/georgesand\/wp-content\/uploads\/2016\/09\/LOGO-API2.jpg 1500w\" sizes=\"auto, (max-width: 116px) 100vw, 116px\" \/><\/a><\/figure>\n","protected":false},"excerpt":{"rendered":"<p>Chers parents, L&rsquo;association des parents ind\u00e9pendants des \u00e9coles H\u00e9l\u00e8ne Boucher et George Sand s&rsquo;associent pour organiser une vente de madeleines Bijou dont les b\u00e9n\u00e9fices abonderont les Coop\u00e9ratives Scolaires respectives pour financer des projets ou sorties scolaires. Les petits et grands<\/p>\n","protected":false},"author":10,"featured_media":0,"comment_status":"closed","ping_status":"open","sticky":false,"template":"","format":"standard","meta":{"footnotes":""},"categories":[5,7,6],"tags":[],"class_list":["post-2602","post","type-post","status-publish","format-standard","hentry","category-cooperative-scolaire","category-elementaire","category-maternelle"],"_links":{"self":[{"href":"https:\/\/api-colomiers.com\/georgesand\/wp-json\/wp\/v2\/posts\/2602","targetHints":{"allow":["GET"]}}],"collection":[{"href":"https:\/\/api-colomiers.com\/georgesand\/wp-json\/wp\/v2\/posts"}],"about":[{"href":"https:\/\/api-colomiers.com\/georgesand\/wp-json\/wp\/v2\/types\/post"}],"author":[{"embeddable":true,"href":"https:\/\/api-colomiers.com\/georgesand\/wp-json\/wp\/v2\/users\/10"}],"replies":[{"embeddable":true,"href":"https:\/\/api-colomiers.com\/georgesand\/wp-json\/wp\/v2\/comments?post=2602"}],"version-history":[{"count":1,"href":"https:\/\/api-colomiers.com\/georgesand\/wp-json\/wp\/v2\/posts\/2602\/revisions"}],"predecessor-version":[{"id":2609,"href":"https:\/\/api-colomiers.com\/georgesand\/wp-json\/wp\/v2\/posts\/2602\/revisions\/2609"}],"wp:attachment":[{"href":"https:\/\/api-colomiers.com\/georgesand\/wp-json\/wp\/v2\/media?parent=2602"}],"wp:term":[{"taxonomy":"category","embeddable":true,"href":"https:\/\/api-colomiers.com\/georgesand\/wp-json\/wp\/v2\/categories?post=2602"},{"taxonomy":"post_tag","embeddable":true,"href":"https:\/\/api-colomiers.com\/georgesand\/wp-json\/wp\/v2\/tags?post=2602"}],"curies":[{"name":"wp","href":"https:\/\/api.w.org\/{rel}","templated":true}]}}