{"id":2556,"date":"2021-11-18T09:30:32","date_gmt":"2021-11-18T08:30:32","guid":{"rendered":"https:\/\/api-colomiers.com\/georgesand\/?p=2556"},"modified":"2021-11-18T09:30:34","modified_gmt":"2021-11-18T08:30:34","slug":"semaine-des-droits-de-lenfant","status":"publish","type":"post","link":"https:\/\/api-colomiers.com\/georgesand\/2021\/11\/18\/semaine-des-droits-de-lenfant\/","title":{"rendered":"Semaine des droits de l&rsquo;enfant"},"content":{"rendered":"\n<figure class=\"wp-block-image is-resized\"><img loading=\"lazy\" decoding=\"async\" src=\"https:\/\/www.ville-colomiers.fr\/fileadmin\/_processed_\/4\/1\/csm_Vignette_Fb21_6cce3f99cd.jpg\" alt=\"\" width=\"432\" height=\"200\"\/><\/figure>\n\n\n\n<p>Chers parents,<\/p>\n\n\n\n<p>Dans le cadre de la semaine des droits de l&rsquo;enfant du 22 au 26 novembre, les \u00e9coles maternelle et \u00e9l\u00e9mentaire Alain Savary, les \u00e9coles maternelle et \u00e9l\u00e9mentaire George Sand et la <strong>Maison Citoyenne de la Naspe<\/strong> s&rsquo;associent et organisent une <strong>exposition le mercredi 24 de 17h \u00e0 18h30<\/strong> \u00e0 la maison citoyenne.<\/p>\n\n\n\n<p>Les productions des enfants y seront expos\u00e9es, des g\u00e2teaux confectionn\u00e9s par les enfants des ALAE seront propos\u00e9s \u00e0 la vente et une tombola sera organis\u00e9e.<\/p>\n\n\n\n<p>Les b\u00e9n\u00e9fices iront \u00e0 l&rsquo;UNICEF.<\/p>\n\n\n\n<figure class=\"wp-block-image is-resized\"><img loading=\"lazy\" decoding=\"async\" src=\"https:\/\/www.merville31.fr\/wp-content\/uploads\/2019\/06\/Vignette-UNICEF.jpg\" alt=\"Afficher l\u2019image source\" width=\"156\" height=\"97\"\/><\/figure>\n\n\n\n<p>Nous serons pr\u00e9sents le<strong> mardi 23 \u00e0 partir de 16h devant l&rsquo;\u00e9cole<\/strong> pour vous proposer d&rsquo;acheter des <strong>tickets de tombola<\/strong>. Nous vous remercions d&rsquo;avance pour votre participation.<\/p>\n\n\n\n<p><\/p>\n\n\n\n<p>Nous en profitons pour rappeler les droits de l&rsquo;enfant en images:<\/p>\n\n\n\n<figure class=\"wp-block-image is-resized\"><img loading=\"lazy\" decoding=\"async\" src=\"https:\/\/4.bp.blogspot.com\/-9GQqKSuNPpA\/Vk4qJLIuHCI\/AAAAAAAAphA\/GBg5qVqZVig\/s1600\/PEF.jpg\" alt=\"Afficher l\u2019image source\" width=\"692\" height=\"978\"\/><\/figure>\n\n\n\n<p>Bien \u00e0 vous,<\/p>\n\n\n\n<p>Vos \u00e9quipes API maternelle et \u00e9l\u00e9mentaire George Sand<\/p>\n\n\n\n<figure class=\"wp-block-image size-large is-resized\"><a href=\"https:\/\/api-colomiers.com\/georgesand\/wp-content\/uploads\/2016\/09\/LOGO-API2.jpg\"><img loading=\"lazy\" decoding=\"async\" src=\"https:\/\/api-colomiers.com\/georgesand\/wp-content\/uploads\/2016\/09\/LOGO-API2-1024x1024.jpg\" alt=\"\" class=\"wp-image-527\" width=\"147\" height=\"147\" srcset=\"https:\/\/api-colomiers.com\/georgesand\/wp-content\/uploads\/2016\/09\/LOGO-API2-1024x1024.jpg 1024w, https:\/\/api-colomiers.com\/georgesand\/wp-content\/uploads\/2016\/09\/LOGO-API2-150x150.jpg 150w, https:\/\/api-colomiers.com\/georgesand\/wp-content\/uploads\/2016\/09\/LOGO-API2-300x300.jpg 300w, https:\/\/api-colomiers.com\/georgesand\/wp-content\/uploads\/2016\/09\/LOGO-API2-768x768.jpg 768w, https:\/\/api-colomiers.com\/georgesand\/wp-content\/uploads\/2016\/09\/LOGO-API2-600x600.jpg 600w, https:\/\/api-colomiers.com\/georgesand\/wp-content\/uploads\/2016\/09\/LOGO-API2-270x270.jpg 270w, https:\/\/api-colomiers.com\/georgesand\/wp-content\/uploads\/2016\/09\/LOGO-API2-230x230.jpg 230w, https:\/\/api-colomiers.com\/georgesand\/wp-content\/uploads\/2016\/09\/LOGO-API2.jpg 1500w\" sizes=\"auto, (max-width: 147px) 100vw, 147px\" \/><\/a><\/figure>\n","protected":false},"excerpt":{"rendered":"<p>Chers parents, Dans le cadre de la semaine des droits de l&rsquo;enfant du 22 au 26 novembre, les \u00e9coles maternelle et \u00e9l\u00e9mentaire Alain Savary, les \u00e9coles maternelle et \u00e9l\u00e9mentaire George Sand et la Maison Citoyenne de la Naspe s&rsquo;associent et<\/p>\n","protected":false},"author":10,"featured_media":0,"comment_status":"closed","ping_status":"open","sticky":false,"template":"","format":"standard","meta":{"footnotes":""},"categories":[21,7,6],"tags":[],"class_list":["post-2556","post","type-post","status-publish","format-standard","hentry","category-alae","category-elementaire","category-maternelle"],"_links":{"self":[{"href":"https:\/\/api-colomiers.com\/georgesand\/wp-json\/wp\/v2\/posts\/2556","targetHints":{"allow":["GET"]}}],"collection":[{"href":"https:\/\/api-colomiers.com\/georgesand\/wp-json\/wp\/v2\/posts"}],"about":[{"href":"https:\/\/api-colomiers.com\/georgesand\/wp-json\/wp\/v2\/types\/post"}],"author":[{"embeddable":true,"href":"https:\/\/api-colomiers.com\/georgesand\/wp-json\/wp\/v2\/users\/10"}],"replies":[{"embeddable":true,"href":"https:\/\/api-colomiers.com\/georgesand\/wp-json\/wp\/v2\/comments?post=2556"}],"version-history":[{"count":0,"href":"https:\/\/api-colomiers.com\/georgesand\/wp-json\/wp\/v2\/posts\/2556\/revisions"}],"wp:attachment":[{"href":"https:\/\/api-colomiers.com\/georgesand\/wp-json\/wp\/v2\/media?parent=2556"}],"wp:term":[{"taxonomy":"category","embeddable":true,"href":"https:\/\/api-colomiers.com\/georgesand\/wp-json\/wp\/v2\/categories?post=2556"},{"taxonomy":"post_tag","embeddable":true,"href":"https:\/\/api-colomiers.com\/georgesand\/wp-json\/wp\/v2\/tags?post=2556"}],"curies":[{"name":"wp","href":"https:\/\/api.w.org\/{rel}","templated":true}]}}