{"id":1543,"date":"2019-10-04T07:50:37","date_gmt":"2019-10-04T06:50:37","guid":{"rendered":"http:\/\/api-colomiers.com\/georgesand\/?p=1543"},"modified":"2019-10-04T07:50:39","modified_gmt":"2019-10-04T06:50:39","slug":"maternelle-vente-de-gateaux-sur-le-marche","status":"publish","type":"post","link":"https:\/\/api-colomiers.com\/georgesand\/2019\/10\/04\/maternelle-vente-de-gateaux-sur-le-marche\/","title":{"rendered":"Maternelle &#8211; Vente de gateaux sur le march\u00e9"},"content":{"rendered":"\n<figure class=\"wp-block-image is-resized\"><img loading=\"lazy\" decoding=\"async\" src=\"https:\/\/api-colomiers.com\/georgesand\/wp-content\/uploads\/2018\/10\/lembrancinhas-saches-de-mini-cupcakes-1024x685.jpg\" alt=\"\" class=\"wp-image-1249\" width=\"345\" height=\"230\" srcset=\"https:\/\/api-colomiers.com\/georgesand\/wp-content\/uploads\/2018\/10\/lembrancinhas-saches-de-mini-cupcakes-1024x685.jpg 1024w, https:\/\/api-colomiers.com\/georgesand\/wp-content\/uploads\/2018\/10\/lembrancinhas-saches-de-mini-cupcakes-300x201.jpg 300w, https:\/\/api-colomiers.com\/georgesand\/wp-content\/uploads\/2018\/10\/lembrancinhas-saches-de-mini-cupcakes-768x514.jpg 768w, https:\/\/api-colomiers.com\/georgesand\/wp-content\/uploads\/2018\/10\/lembrancinhas-saches-de-mini-cupcakes-600x402.jpg 600w\" sizes=\"auto, (max-width: 345px) 100vw, 345px\" \/><\/figure>\n\n\n\n<p>Chers parents,<\/p>\n\n\n\n<p>Demain Samedi 5 octobre, votre association de parents d&rsquo;\u00e9l\u00e8ves organise une vente de g\u00e2teaux maison sur le march\u00e9 de plein vent de Colomiers.<\/p>\n\n\n\n<p>Nous avons besoin de votre aide pour la confection de mets sucr\u00e9s et sal\u00e9s: g\u00e2teaux, cr\u00e8pes, quiches etc \u2026 Vous pouvez les d\u00e9poser aujourd&rsquo;hui \u00e0 l&rsquo;\u00e9cole ou l&rsquo;ALAE, ou nous les apporter demain matin \u00e0 partir de 7h30 sur notre stand.<\/p>\n\n\n\n<p>Merci d&rsquo;avance pour votre contribution. Les b\u00e9n\u00e9fices de cette vente iront \u00e0 la cooperative pour financer tout ou partie des activit\u00e9s de nos enfants (sorties au cinema, sortie de fin d&rsquo;ann\u00e9e, spectacle de No\u00ebl, \u2026).<\/p>\n\n\n\n<p>Bien \u00e0 vous,<\/p>\n\n\n\n<p>Votre \u00e9quipe API G Sand Maternelle<\/p>\n\n\n\n<figure class=\"wp-block-image is-resized\"><img loading=\"lazy\" decoding=\"async\" src=\"https:\/\/api-colomiers.com\/georgesand\/wp-content\/uploads\/2016\/09\/LOGO-API2-1024x1024.jpg\" alt=\"\" class=\"wp-image-527\" width=\"291\" height=\"291\" srcset=\"https:\/\/api-colomiers.com\/georgesand\/wp-content\/uploads\/2016\/09\/LOGO-API2-1024x1024.jpg 1024w, https:\/\/api-colomiers.com\/georgesand\/wp-content\/uploads\/2016\/09\/LOGO-API2-150x150.jpg 150w, https:\/\/api-colomiers.com\/georgesand\/wp-content\/uploads\/2016\/09\/LOGO-API2-300x300.jpg 300w, https:\/\/api-colomiers.com\/georgesand\/wp-content\/uploads\/2016\/09\/LOGO-API2-768x768.jpg 768w, https:\/\/api-colomiers.com\/georgesand\/wp-content\/uploads\/2016\/09\/LOGO-API2-600x600.jpg 600w, https:\/\/api-colomiers.com\/georgesand\/wp-content\/uploads\/2016\/09\/LOGO-API2-270x270.jpg 270w, https:\/\/api-colomiers.com\/georgesand\/wp-content\/uploads\/2016\/09\/LOGO-API2-230x230.jpg 230w, https:\/\/api-colomiers.com\/georgesand\/wp-content\/uploads\/2016\/09\/LOGO-API2.jpg 1500w\" sizes=\"auto, (max-width: 291px) 100vw, 291px\" \/><\/figure>\n\n\n\n<p><\/p>\n\n\n\n<p><\/p>\n","protected":false},"excerpt":{"rendered":"<p>Chers parents, Demain Samedi 5 octobre, votre association de parents d&rsquo;\u00e9l\u00e8ves organise une vente de g\u00e2teaux maison sur le march\u00e9 de plein vent de Colomiers. Nous avons besoin de votre aide pour la confection de mets sucr\u00e9s et sal\u00e9s: g\u00e2teaux,<\/p>\n","protected":false},"author":10,"featured_media":0,"comment_status":"closed","ping_status":"open","sticky":false,"template":"","format":"standard","meta":{"footnotes":""},"categories":[5,6],"tags":[],"class_list":["post-1543","post","type-post","status-publish","format-standard","hentry","category-cooperative-scolaire","category-maternelle"],"_links":{"self":[{"href":"https:\/\/api-colomiers.com\/georgesand\/wp-json\/wp\/v2\/posts\/1543","targetHints":{"allow":["GET"]}}],"collection":[{"href":"https:\/\/api-colomiers.com\/georgesand\/wp-json\/wp\/v2\/posts"}],"about":[{"href":"https:\/\/api-colomiers.com\/georgesand\/wp-json\/wp\/v2\/types\/post"}],"author":[{"embeddable":true,"href":"https:\/\/api-colomiers.com\/georgesand\/wp-json\/wp\/v2\/users\/10"}],"replies":[{"embeddable":true,"href":"https:\/\/api-colomiers.com\/georgesand\/wp-json\/wp\/v2\/comments?post=1543"}],"version-history":[{"count":0,"href":"https:\/\/api-colomiers.com\/georgesand\/wp-json\/wp\/v2\/posts\/1543\/revisions"}],"wp:attachment":[{"href":"https:\/\/api-colomiers.com\/georgesand\/wp-json\/wp\/v2\/media?parent=1543"}],"wp:term":[{"taxonomy":"category","embeddable":true,"href":"https:\/\/api-colomiers.com\/georgesand\/wp-json\/wp\/v2\/categories?post=1543"},{"taxonomy":"post_tag","embeddable":true,"href":"https:\/\/api-colomiers.com\/georgesand\/wp-json\/wp\/v2\/tags?post=1543"}],"curies":[{"name":"wp","href":"https:\/\/api.w.org\/{rel}","templated":true}]}}