{"id":1487,"date":"2019-05-17T09:08:32","date_gmt":"2019-05-17T08:08:32","guid":{"rendered":"http:\/\/api-colomiers.com\/georgesand\/?p=1487"},"modified":"2019-05-17T09:08:32","modified_gmt":"2019-05-17T08:08:32","slug":"maternelle-preparation-dernier-conseil-decole","status":"publish","type":"post","link":"https:\/\/api-colomiers.com\/georgesand\/2019\/05\/17\/maternelle-preparation-dernier-conseil-decole\/","title":{"rendered":"Maternelle &#8211; pr\u00e9paration dernier conseil d&rsquo;\u00e9cole"},"content":{"rendered":"<p><img loading=\"lazy\" decoding=\"async\" class=\"alignleft size-full wp-image-238\" src=\"https:\/\/api-colomiers.com\/georgesand\/wp-content\/uploads\/2015\/11\/conseil-d\u00e9cole.jpg\" alt=\"\" width=\"123\" height=\"89\" \/><\/p>\n<p>Chers parents,<\/p>\n<p>Le <strong>troisi\u00e8me et dernier conseil d&rsquo;\u00e9cole de l&rsquo;ann\u00e9e<\/strong> pour la maternelle se tiendra le <strong>17 Juin<\/strong>.<\/p>\n<p>Pour m\u00e9moire, les participants sont: un repr\u00e9sentant de la Mairie, la directrice Mme P\u00e9li, l&rsquo;\u00e9quipe enseignante et les 7 titulaires API que vous avez \u00e9lus pour vous repr\u00e9senter.<\/p>\n<p>L&rsquo;API sera votre porte-parole, c&rsquo;est pourquoi n&rsquo;h\u00e9sitez pas \u00e0 nous contacter si vous avez des questions, des remarques, des suggestions&#8230; Merci de le faire <strong>avant le 22 Mai <\/strong>(les questions devant \u00eatre remont\u00e9es \u00e0 la directrice puis \u00e0 la Mairie).<\/p>\n<p>Bien \u00e0 vous,<br \/>\nVotre \u00e9quipe API<\/p>\n<p><img loading=\"lazy\" decoding=\"async\" class=\"alignleft wp-image-527\" src=\"https:\/\/api-colomiers.com\/georgesand\/wp-content\/uploads\/2016\/09\/LOGO-API2-300x300.jpg\" alt=\"\" width=\"98\" height=\"98\" srcset=\"https:\/\/api-colomiers.com\/georgesand\/wp-content\/uploads\/2016\/09\/LOGO-API2-300x300.jpg 300w, https:\/\/api-colomiers.com\/georgesand\/wp-content\/uploads\/2016\/09\/LOGO-API2-150x150.jpg 150w, https:\/\/api-colomiers.com\/georgesand\/wp-content\/uploads\/2016\/09\/LOGO-API2-768x768.jpg 768w, https:\/\/api-colomiers.com\/georgesand\/wp-content\/uploads\/2016\/09\/LOGO-API2-1024x1024.jpg 1024w, https:\/\/api-colomiers.com\/georgesand\/wp-content\/uploads\/2016\/09\/LOGO-API2-600x600.jpg 600w, https:\/\/api-colomiers.com\/georgesand\/wp-content\/uploads\/2016\/09\/LOGO-API2-270x270.jpg 270w, https:\/\/api-colomiers.com\/georgesand\/wp-content\/uploads\/2016\/09\/LOGO-API2-230x230.jpg 230w, https:\/\/api-colomiers.com\/georgesand\/wp-content\/uploads\/2016\/09\/LOGO-API2.jpg 1500w\" sizes=\"auto, (max-width: 98px) 100vw, 98px\" \/><\/p>\n","protected":false},"excerpt":{"rendered":"<p>Chers parents, Le troisi\u00e8me et dernier conseil d&rsquo;\u00e9cole de l&rsquo;ann\u00e9e pour la maternelle se tiendra le 17 Juin. Pour m\u00e9moire, les participants sont: un repr\u00e9sentant de la Mairie, la directrice Mme P\u00e9li, l&rsquo;\u00e9quipe enseignante et les 7 titulaires API que<\/p>\n","protected":false},"author":10,"featured_media":0,"comment_status":"closed","ping_status":"open","sticky":false,"template":"","format":"standard","meta":{"footnotes":""},"categories":[1],"tags":[],"class_list":["post-1487","post","type-post","status-publish","format-standard","hentry","category-non-classe"],"_links":{"self":[{"href":"https:\/\/api-colomiers.com\/georgesand\/wp-json\/wp\/v2\/posts\/1487","targetHints":{"allow":["GET"]}}],"collection":[{"href":"https:\/\/api-colomiers.com\/georgesand\/wp-json\/wp\/v2\/posts"}],"about":[{"href":"https:\/\/api-colomiers.com\/georgesand\/wp-json\/wp\/v2\/types\/post"}],"author":[{"embeddable":true,"href":"https:\/\/api-colomiers.com\/georgesand\/wp-json\/wp\/v2\/users\/10"}],"replies":[{"embeddable":true,"href":"https:\/\/api-colomiers.com\/georgesand\/wp-json\/wp\/v2\/comments?post=1487"}],"version-history":[{"count":0,"href":"https:\/\/api-colomiers.com\/georgesand\/wp-json\/wp\/v2\/posts\/1487\/revisions"}],"wp:attachment":[{"href":"https:\/\/api-colomiers.com\/georgesand\/wp-json\/wp\/v2\/media?parent=1487"}],"wp:term":[{"taxonomy":"category","embeddable":true,"href":"https:\/\/api-colomiers.com\/georgesand\/wp-json\/wp\/v2\/categories?post=1487"},{"taxonomy":"post_tag","embeddable":true,"href":"https:\/\/api-colomiers.com\/georgesand\/wp-json\/wp\/v2\/tags?post=1487"}],"curies":[{"name":"wp","href":"https:\/\/api.w.org\/{rel}","templated":true}]}}