{"id":1386,"date":"2018-11-24T21:43:35","date_gmt":"2018-11-24T20:43:35","guid":{"rendered":"http:\/\/api-colomiers.com\/georgesand\/?p=1386"},"modified":"2018-11-24T21:43:35","modified_gmt":"2018-11-24T20:43:35","slug":"elementaire-1er-conseil-decole","status":"publish","type":"post","link":"https:\/\/api-colomiers.com\/georgesand\/2018\/11\/24\/elementaire-1er-conseil-decole\/","title":{"rendered":"El\u00e9mentaire &#8211; 1er conseil d&rsquo;\u00e9cole"},"content":{"rendered":"<p><img loading=\"lazy\" decoding=\"async\" class=\"alignleft wp-image-242\" src=\"https:\/\/api-colomiers.com\/georgesand\/wp-content\/uploads\/2015\/11\/cr-conseil-ecole.jpg\" alt=\"\" width=\"163\" height=\"110\" \/><\/p>\n<p>&nbsp;<\/p>\n<p>&nbsp;<\/p>\n<p>&nbsp;<\/p>\n<p>Chers parents,<\/p>\n<p>Veuillez-trouver ci-dessous le compte-rendu du premier conseil d&rsquo;\u00e9cole qui s&rsquo;est tenu le jeudi 15 Novembre 2018:<\/p>\n<p><a href=\"https:\/\/api-colomiers.com\/georgesand\/wp-content\/uploads\/2018\/11\/Proc\u00e8s-verbal-du-conseil-d\u00e9cole-N\u00b01.pdf\" target=\"_blank\" rel=\"noopener\">Proc\u00e8s-verbal du conseil d&rsquo;\u00e9cole N\u00b01<\/a><\/p>\n<p>Bien cordialement,<\/p>\n<p>Votre \u00e9quipe API El\u00e9mentaire G. Sand<\/p>\n<p><img loading=\"lazy\" decoding=\"async\" class=\"alignleft wp-image-527\" src=\"https:\/\/api-colomiers.com\/georgesand\/wp-content\/uploads\/2016\/09\/LOGO-API2-300x300.jpg\" alt=\"\" width=\"147\" height=\"147\" srcset=\"https:\/\/api-colomiers.com\/georgesand\/wp-content\/uploads\/2016\/09\/LOGO-API2-300x300.jpg 300w, https:\/\/api-colomiers.com\/georgesand\/wp-content\/uploads\/2016\/09\/LOGO-API2-150x150.jpg 150w, https:\/\/api-colomiers.com\/georgesand\/wp-content\/uploads\/2016\/09\/LOGO-API2-768x768.jpg 768w, https:\/\/api-colomiers.com\/georgesand\/wp-content\/uploads\/2016\/09\/LOGO-API2-1024x1024.jpg 1024w, https:\/\/api-colomiers.com\/georgesand\/wp-content\/uploads\/2016\/09\/LOGO-API2-600x600.jpg 600w, https:\/\/api-colomiers.com\/georgesand\/wp-content\/uploads\/2016\/09\/LOGO-API2-270x270.jpg 270w, https:\/\/api-colomiers.com\/georgesand\/wp-content\/uploads\/2016\/09\/LOGO-API2-230x230.jpg 230w, https:\/\/api-colomiers.com\/georgesand\/wp-content\/uploads\/2016\/09\/LOGO-API2.jpg 1500w\" sizes=\"auto, (max-width: 147px) 100vw, 147px\" \/><\/p>\n","protected":false},"excerpt":{"rendered":"<p>&nbsp; &nbsp; &nbsp; Chers parents, Veuillez-trouver ci-dessous le compte-rendu du premier conseil d&rsquo;\u00e9cole qui s&rsquo;est tenu le jeudi 15 Novembre 2018: Proc\u00e8s-verbal du conseil d&rsquo;\u00e9cole N\u00b01 Bien cordialement, Votre \u00e9quipe API El\u00e9mentaire G. Sand<\/p>\n","protected":false},"author":10,"featured_media":0,"comment_status":"closed","ping_status":"open","sticky":false,"template":"","format":"standard","meta":{"footnotes":""},"categories":[23,7],"tags":[],"class_list":["post-1386","post","type-post","status-publish","format-standard","hentry","category-conseil-decole","category-elementaire"],"_links":{"self":[{"href":"https:\/\/api-colomiers.com\/georgesand\/wp-json\/wp\/v2\/posts\/1386","targetHints":{"allow":["GET"]}}],"collection":[{"href":"https:\/\/api-colomiers.com\/georgesand\/wp-json\/wp\/v2\/posts"}],"about":[{"href":"https:\/\/api-colomiers.com\/georgesand\/wp-json\/wp\/v2\/types\/post"}],"author":[{"embeddable":true,"href":"https:\/\/api-colomiers.com\/georgesand\/wp-json\/wp\/v2\/users\/10"}],"replies":[{"embeddable":true,"href":"https:\/\/api-colomiers.com\/georgesand\/wp-json\/wp\/v2\/comments?post=1386"}],"version-history":[{"count":0,"href":"https:\/\/api-colomiers.com\/georgesand\/wp-json\/wp\/v2\/posts\/1386\/revisions"}],"wp:attachment":[{"href":"https:\/\/api-colomiers.com\/georgesand\/wp-json\/wp\/v2\/media?parent=1386"}],"wp:term":[{"taxonomy":"category","embeddable":true,"href":"https:\/\/api-colomiers.com\/georgesand\/wp-json\/wp\/v2\/categories?post=1386"},{"taxonomy":"post_tag","embeddable":true,"href":"https:\/\/api-colomiers.com\/georgesand\/wp-json\/wp\/v2\/tags?post=1386"}],"curies":[{"name":"wp","href":"https:\/\/api.w.org\/{rel}","templated":true}]}}