{"id":885,"date":"2022-03-07T19:50:32","date_gmt":"2022-03-07T19:50:32","guid":{"rendered":"https:\/\/api-colomiers.com\/alainsavary\/?p=885"},"modified":"2022-03-07T19:50:32","modified_gmt":"2022-03-07T19:50:32","slug":"informations-sur-les-mesures-covid","status":"publish","type":"post","link":"https:\/\/api-colomiers.com\/alainsavary\/2022\/03\/informations-sur-les-mesures-covid\/","title":{"rendered":"Informations sur les mesures COVID"},"content":{"rendered":"<blockquote>\n<p style=\"font-weight: 400\">Chers parents,<\/p>\n<p style=\"font-weight: 400\">Une\u00a0<strong><a href=\"https:\/\/www.education.gouv.fr\/covid-19-questions-reponses\" data-saferedirecturl=\"https:\/\/www.google.com\/url?q=https:\/\/www.education.gouv.fr\/covid-19-questions-reponses&amp;source=gmail&amp;ust=1646733865144000&amp;usg=AOvVaw05FJ_osf552XsFCzxa6SJD\">version ajust\u00e9e de la FAQ est en ligne<\/a><\/strong>\u00a0sur le site du minist\u00e8re de l&#8217;\u00e9ducation nationale (cf pi\u00e8ce jointe) : elle prend en compte les principales \u00e9volutions apport\u00e9es au protocole sanitaire et les mesures d\u2019all\u00e8gement qui ont \u00e9t\u00e9 annonc\u00e9es le 11 f\u00e9vrier dernier par le Ministre.<\/p>\n<p style=\"font-weight: 400\">Les voici pour m\u00e9moire :<\/p>\n<p style=\"font-weight: 400\">&#8211;\u00a0\u00a0\u00a0\u00a0\u00a0\u00a0\u00a0\u00a0\u00a0\u00a0<strong><u>Passage du niveau 3 au niveau 2 du protocole sanitaire dans le premier degr\u00e9 au retour des cong\u00e9s d\u2019hiver de chaque zone<\/u><\/strong>\u00a0( le 7 mars 2022 pour la zone C) avec notamment\u00a0:<\/p>\n<ul>\n<li style=\"font-weight: 400\">la fin de l\u2019obligation du port du masque en ext\u00e9rieur pour les \u00e9l\u00e8ves de l\u2019\u00e9cole \u00e9l\u00e9mentaire et les personnels\u00a0;\u00a0<strong>le port du masque reste obligatoire en int\u00e9rieur.<\/strong><\/li>\n<li style=\"font-weight: 400\">la possibilit\u00e9 de pratiquer \u00e0 nouveau des activit\u00e9s physiques et sportives en int\u00e9rieur sans port du masque (mais avec respect d\u2019une distanciation)<\/li>\n<li style=\"font-weight: 400\">l\u2019all\u00e8gement des r\u00e8gles de limitation du brassage, notamment pendant les temps de restauration; les \u00e9l\u00e8ves pourront \u00e0 nouveau \u00eatre r\u00e9partis si un professeur absent n&#8217;est pas remplac\u00e9.<\/li>\n<\/ul>\n<p style=\"font-weight: 400\">&#8211;\u00a0\u00a0\u00a0\u00a0\u00a0\u00a0\u00a0\u00a0\u00a0\u00a0<strong><u>All\u00e8gement des mesures li\u00e9es au d\u00e9pistage<\/u><\/strong>\u00a0(cf document joint) :<\/p>\n<ul>\n<li style=\"font-weight: 400\"><strong>A compter du 28 f\u00e9vrier,<\/strong>\u00a0le dispositif de d\u00e9pistage des personnes ayant eu un contact avec un cas confirm\u00e9 sera all\u00e9g\u00e9. Il le sera aussi en milieu scolaire. Les \u00e9l\u00e8ves, comme les personnels n\u2019auront plus \u00e0 r\u00e9aliser qu\u2019un seul test (autotest ou test antig\u00e9nique) \u00e0 J2 au lieu de trois (J0, J2 et J4) ;<\/li>\n<li style=\"font-weight: 400\">La pr\u00e9sentation d\u2019<strong><em>une d\u00e9claration sur l\u2019honneur<\/em><\/strong>\u00a0des responsables l\u00e9gaux des \u00e9l\u00e8ves attestant de la r\u00e9alisation des tests<u><strong>\u00a0ne sera plus exig\u00e9e.<\/strong><\/u><\/li>\n<\/ul>\n<p style=\"font-weight: 400\">&#8211;\u00a0\u00a0\u00a0\u00a0\u00a0\u00a0\u00a0\u00a0\u00a0\u00a0<strong><u>All\u00e8gement des consignes relatives aux voyages et sorties scolaires ainsi qu\u2019aux r\u00e9unions et rassemblements dans les \u00e9tablissements<\/u><\/strong><\/p>\n<p style=\"font-weight: 400\">Il est pr\u00e9vu \u00e9galement la fin du port du masque en classe dans les \u00e9coles, coll\u00e8ges et lyc\u00e9e \u00e0 compter du 14 mars 2022.<\/p>\n<p style=\"font-weight: 400\"><a href=\"https:\/\/www.education.gouv.fr\/covid19-mesures-pour-les-ecoles-colleges-et-lycees-modalites-pratiques-continuite-pedagogique-et-305467\" data-saferedirecturl=\"https:\/\/www.google.com\/url?q=https:\/\/www.education.gouv.fr\/covid19-mesures-pour-les-ecoles-colleges-et-lycees-modalites-pratiques-continuite-pedagogique-et-305467&amp;source=gmail&amp;ust=1646733865144000&amp;usg=AOvVaw1_7d9e7qSA0fn_aZnY_biL\">https:\/\/www.education.gouv.fr\/covid19-mesures-pour-les-ecoles-colleges-et-lycees-modalites-pratiques-continuite-pedagogique-et-305467<\/a><\/p>\n<p style=\"font-weight: 400\">Bien cordialement,<\/p>\n<p>Le directeur de l&#8217;EE A.SAVARY<\/p><\/blockquote>\n","protected":false},"excerpt":{"rendered":"<p>Chers parents, Une\u00a0version ajust\u00e9e de la FAQ est en ligne\u00a0sur le site du minist\u00e8re de l&#8217;\u00e9ducation nationale (cf pi\u00e8ce jointe) : elle prend en compte les principales \u00e9volutions apport\u00e9es au protocole sanitaire et les mesures d\u2019all\u00e8gement qui ont \u00e9t\u00e9 annonc\u00e9es<\/p>\n","protected":false},"author":5,"featured_media":0,"comment_status":"closed","ping_status":"closed","sticky":false,"template":"","format":"standard","meta":[],"categories":[4],"tags":[20],"_links":{"self":[{"href":"https:\/\/api-colomiers.com\/alainsavary\/wp-json\/wp\/v2\/posts\/885"}],"collection":[{"href":"https:\/\/api-colomiers.com\/alainsavary\/wp-json\/wp\/v2\/posts"}],"about":[{"href":"https:\/\/api-colomiers.com\/alainsavary\/wp-json\/wp\/v2\/types\/post"}],"author":[{"embeddable":true,"href":"https:\/\/api-colomiers.com\/alainsavary\/wp-json\/wp\/v2\/users\/5"}],"replies":[{"embeddable":true,"href":"https:\/\/api-colomiers.com\/alainsavary\/wp-json\/wp\/v2\/comments?post=885"}],"version-history":[{"count":1,"href":"https:\/\/api-colomiers.com\/alainsavary\/wp-json\/wp\/v2\/posts\/885\/revisions"}],"predecessor-version":[{"id":886,"href":"https:\/\/api-colomiers.com\/alainsavary\/wp-json\/wp\/v2\/posts\/885\/revisions\/886"}],"wp:attachment":[{"href":"https:\/\/api-colomiers.com\/alainsavary\/wp-json\/wp\/v2\/media?parent=885"}],"wp:term":[{"taxonomy":"category","embeddable":true,"href":"https:\/\/api-colomiers.com\/alainsavary\/wp-json\/wp\/v2\/categories?post=885"},{"taxonomy":"post_tag","embeddable":true,"href":"https:\/\/api-colomiers.com\/alainsavary\/wp-json\/wp\/v2\/tags?post=885"}],"curies":[{"name":"wp","href":"https:\/\/api.w.org\/{rel}","templated":true}]}}