{"id":580,"date":"2020-09-25T05:42:07","date_gmt":"2020-09-25T05:42:07","guid":{"rendered":"http:\/\/api-colomiers.com\/alainsavary\/?p=580"},"modified":"2020-10-25T10:15:03","modified_gmt":"2020-10-25T10:15:03","slug":"un-animateur-positif-a-alain-savary-elementaire","status":"publish","type":"post","link":"https:\/\/api-colomiers.com\/alainsavary\/2020\/09\/un-animateur-positif-a-alain-savary-elementaire\/","title":{"rendered":"Un animateur positif \u00e0 Alain-Savary \u00e9l\u00e9mentaire"},"content":{"rendered":"\n<p>Un animateur de l\u2019\u00e9cole \u00e9l\u00e9mentaire Alain-Savary a \u00e9t\u00e9 d\u00e9tect\u00e9 positif au Covid-19 le jeudi 24 septembre. Cet agent municipal a \u00e9t\u00e9 isol\u00e9. Les gestes barri\u00e8res ayant \u00e9t\u00e9 respect\u00e9s, l\u2019Education nationale n\u2019envisage pas de fermeture de classe dans l\u2019imm\u00e9diat.<\/p>\n\n\n\n<p>Plus d&#8217;informations sur le <a href=\"https:\/\/eealainsavary.blogspot.com\/2020\/09\/un-animateur-positif-alain-savary.html?m=1\" target=\"_blank\" rel=\"noreferrer noopener\">blog de l&#8217;\u00e9cole \u00e9l\u00e9mentaire Alain Savary<\/a>.<\/p>\n","protected":false},"excerpt":{"rendered":"<p>Un animateur de l\u2019\u00e9cole \u00e9l\u00e9mentaire Alain-Savary a \u00e9t\u00e9 d\u00e9tect\u00e9 positif au Covid-19 le jeudi 24 septembre. Cet agent municipal a \u00e9t\u00e9 isol\u00e9. Les gestes barri\u00e8res ayant \u00e9t\u00e9 respect\u00e9s, l\u2019Education nationale n\u2019envisage pas de fermeture de classe dans l\u2019imm\u00e9diat. Plus d&#8217;informations<\/p>\n","protected":false},"author":5,"featured_media":0,"comment_status":"closed","ping_status":"closed","sticky":false,"template":"","format":"standard","meta":[],"categories":[5,4],"tags":[20],"_links":{"self":[{"href":"https:\/\/api-colomiers.com\/alainsavary\/wp-json\/wp\/v2\/posts\/580"}],"collection":[{"href":"https:\/\/api-colomiers.com\/alainsavary\/wp-json\/wp\/v2\/posts"}],"about":[{"href":"https:\/\/api-colomiers.com\/alainsavary\/wp-json\/wp\/v2\/types\/post"}],"author":[{"embeddable":true,"href":"https:\/\/api-colomiers.com\/alainsavary\/wp-json\/wp\/v2\/users\/5"}],"replies":[{"embeddable":true,"href":"https:\/\/api-colomiers.com\/alainsavary\/wp-json\/wp\/v2\/comments?post=580"}],"version-history":[{"count":0,"href":"https:\/\/api-colomiers.com\/alainsavary\/wp-json\/wp\/v2\/posts\/580\/revisions"}],"wp:attachment":[{"href":"https:\/\/api-colomiers.com\/alainsavary\/wp-json\/wp\/v2\/media?parent=580"}],"wp:term":[{"taxonomy":"category","embeddable":true,"href":"https:\/\/api-colomiers.com\/alainsavary\/wp-json\/wp\/v2\/categories?post=580"},{"taxonomy":"post_tag","embeddable":true,"href":"https:\/\/api-colomiers.com\/alainsavary\/wp-json\/wp\/v2\/tags?post=580"}],"curies":[{"name":"wp","href":"https:\/\/api.w.org\/{rel}","templated":true}]}}