{"id":164,"date":"2016-01-15T12:14:56","date_gmt":"2016-01-15T12:14:56","guid":{"rendered":"http:\/\/api-colomiers.com\/alainsavary\/?p=164"},"modified":"2016-10-18T22:24:10","modified_gmt":"2016-10-18T22:24:10","slug":"la-vente-des-tabliers","status":"publish","type":"post","link":"https:\/\/api-colomiers.com\/alainsavary\/2016\/01\/la-vente-des-tabliers\/","title":{"rendered":"La vente des tabliers"},"content":{"rendered":"<p>Cette ann\u00e9e, nous proposons une vente de tabliers avec les dessins de tous les enfants de l\u2019\u00e9cole. Cette action est r\u00e9alis\u00e9e pour apporter des fonds \u00e0 la coop\u00e9rative scolaire. Chaque ann\u00e9e, l\u2019argent collect\u00e9 pour la coop\u00e9rative permet \u00e0 vos enfants d\u2019effectuer des sorties, des s\u00e9jours et aide \u00e0 la r\u00e9alisation de projets dans les classes.<\/p>\n<p>Cette vente a commenc\u00e9 avant les vacances de No\u00ebl et s\u2019est poursuivie en janvier avec une vente sur le march\u00e9 un samedi matin. Nous sommes tr\u00e8s contents car c\u2019est un vrai succ\u00e8s\u00a0!<\/p>\n<p>L&#8217;\u00e9quipe API<br \/>\n<a href=\"http:\/\/api-colomiers.com\/alainsavary\/wp-content\/uploads\/2016\/02\/Exemple_Tablier.jpg\"><img loading=\"lazy\" class=\"alignleft size-large wp-image-165\" src=\"http:\/\/api-colomiers.com\/alainsavary\/wp-content\/uploads\/2016\/02\/Exemple_Tablier-614x1024.jpg\" alt=\"Exemple_Tablier\" width=\"614\" height=\"1024\" srcset=\"https:\/\/api-colomiers.com\/alainsavary\/wp-content\/uploads\/2016\/02\/Exemple_Tablier-614x1024.jpg 614w, https:\/\/api-colomiers.com\/alainsavary\/wp-content\/uploads\/2016\/02\/Exemple_Tablier-180x300.jpg 180w, https:\/\/api-colomiers.com\/alainsavary\/wp-content\/uploads\/2016\/02\/Exemple_Tablier.jpg 1536w\" sizes=\"(max-width: 614px) 100vw, 614px\" \/><\/a><\/p>\n","protected":false},"excerpt":{"rendered":"<p>Cette ann\u00e9e, nous proposons une vente de tabliers avec les dessins de tous les enfants de l\u2019\u00e9cole. Cette action est r\u00e9alis\u00e9e pour apporter des fonds \u00e0 la coop\u00e9rative scolaire. Chaque ann\u00e9e, l\u2019argent collect\u00e9 pour la coop\u00e9rative permet \u00e0 vos enfants<\/p>\n","protected":false},"author":1,"featured_media":0,"comment_status":"closed","ping_status":"closed","sticky":false,"template":"","format":"standard","meta":[],"categories":[4,8],"tags":[],"_links":{"self":[{"href":"https:\/\/api-colomiers.com\/alainsavary\/wp-json\/wp\/v2\/posts\/164"}],"collection":[{"href":"https:\/\/api-colomiers.com\/alainsavary\/wp-json\/wp\/v2\/posts"}],"about":[{"href":"https:\/\/api-colomiers.com\/alainsavary\/wp-json\/wp\/v2\/types\/post"}],"author":[{"embeddable":true,"href":"https:\/\/api-colomiers.com\/alainsavary\/wp-json\/wp\/v2\/users\/1"}],"replies":[{"embeddable":true,"href":"https:\/\/api-colomiers.com\/alainsavary\/wp-json\/wp\/v2\/comments?post=164"}],"version-history":[{"count":0,"href":"https:\/\/api-colomiers.com\/alainsavary\/wp-json\/wp\/v2\/posts\/164\/revisions"}],"wp:attachment":[{"href":"https:\/\/api-colomiers.com\/alainsavary\/wp-json\/wp\/v2\/media?parent=164"}],"wp:term":[{"taxonomy":"category","embeddable":true,"href":"https:\/\/api-colomiers.com\/alainsavary\/wp-json\/wp\/v2\/categories?post=164"},{"taxonomy":"post_tag","embeddable":true,"href":"https:\/\/api-colomiers.com\/alainsavary\/wp-json\/wp\/v2\/tags?post=164"}],"curies":[{"name":"wp","href":"https:\/\/api.w.org\/{rel}","templated":true}]}}