{"id":159,"date":"2015-12-16T18:22:07","date_gmt":"2015-12-16T18:22:07","guid":{"rendered":"http:\/\/api-colomiers.com\/alainsavary\/?p=159"},"modified":"2016-10-18T22:22:59","modified_gmt":"2016-10-18T22:22:59","slug":"1er-gouter-partage-organise-par-lapi-ecole-handicap","status":"publish","type":"post","link":"https:\/\/api-colomiers.com\/alainsavary\/2015\/12\/1er-gouter-partage-organise-par-lapi-ecole-handicap\/","title":{"rendered":"1er go\u00fbter partage organis\u00e9 par l\u2019API : &#8220;Ecole &#038; handicap&#8221; &#8211; Jeudi 10 d\u00e9cembre"},"content":{"rendered":"<p>Nous avons organis\u00e9 notre premier go\u00fbter partage sur le th\u00e8me du handicap \u00e0 l&#8217;\u00e9cole. Une dizaine de parents \u00e9taient pr\u00e9sents mais aussi des enfants. Des enseignants ont \u00e9galement particip\u00e9, notamment l\u2019enseignant de la classe ULIS, une enseignante de CM1. L\u2019AVS de la classe ULIS \u00e9tait aussi pr\u00e9sente.<\/p>\n<p>Beaucoup d\u2019\u00e9changes tr\u00e8s riches ont eu lieu entre les parents confront\u00e9s quotidiennement au handicap, les enseignants qui ont t\u00e9moign\u00e9 et d\u2019autres parents venus simplement pour comprendre et \u00e9couter.<\/p>\n<p>L&#8217;\u00e9quipe API<\/p>\n<figure id=\"attachment_169\" aria-describedby=\"caption-attachment-169\" style=\"width: 700px\" class=\"wp-caption alignleft\"><a href=\"http:\/\/api-colomiers.com\/alainsavary\/wp-content\/uploads\/2015\/12\/DSC_0094.jpg\"><img loading=\"lazy\" class=\"size-large wp-image-169\" src=\"http:\/\/api-colomiers.com\/alainsavary\/wp-content\/uploads\/2015\/12\/DSC_0094-1024x576.jpg\" alt=\"Gouter-partage API Ecole &amp; handicap\" width=\"700\" height=\"394\" srcset=\"https:\/\/api-colomiers.com\/alainsavary\/wp-content\/uploads\/2015\/12\/DSC_0094-1024x576.jpg 1024w, https:\/\/api-colomiers.com\/alainsavary\/wp-content\/uploads\/2015\/12\/DSC_0094-300x169.jpg 300w\" sizes=\"(max-width: 700px) 100vw, 700px\" \/><\/a><figcaption id=\"caption-attachment-169\" class=\"wp-caption-text\">Gouter-partage API Ecole &amp; handicap<\/figcaption><\/figure>\n","protected":false},"excerpt":{"rendered":"<p>Nous avons organis\u00e9 notre premier go\u00fbter partage sur le th\u00e8me du handicap \u00e0 l&#8217;\u00e9cole. Une dizaine de parents \u00e9taient pr\u00e9sents mais aussi des enfants. Des enseignants ont \u00e9galement particip\u00e9, notamment l\u2019enseignant de la classe ULIS, une enseignante de CM1. L\u2019AVS<\/p>\n","protected":false},"author":1,"featured_media":0,"comment_status":"closed","ping_status":"closed","sticky":false,"template":"","format":"standard","meta":[],"categories":[4,12],"tags":[],"_links":{"self":[{"href":"https:\/\/api-colomiers.com\/alainsavary\/wp-json\/wp\/v2\/posts\/159"}],"collection":[{"href":"https:\/\/api-colomiers.com\/alainsavary\/wp-json\/wp\/v2\/posts"}],"about":[{"href":"https:\/\/api-colomiers.com\/alainsavary\/wp-json\/wp\/v2\/types\/post"}],"author":[{"embeddable":true,"href":"https:\/\/api-colomiers.com\/alainsavary\/wp-json\/wp\/v2\/users\/1"}],"replies":[{"embeddable":true,"href":"https:\/\/api-colomiers.com\/alainsavary\/wp-json\/wp\/v2\/comments?post=159"}],"version-history":[{"count":0,"href":"https:\/\/api-colomiers.com\/alainsavary\/wp-json\/wp\/v2\/posts\/159\/revisions"}],"wp:attachment":[{"href":"https:\/\/api-colomiers.com\/alainsavary\/wp-json\/wp\/v2\/media?parent=159"}],"wp:term":[{"taxonomy":"category","embeddable":true,"href":"https:\/\/api-colomiers.com\/alainsavary\/wp-json\/wp\/v2\/categories?post=159"},{"taxonomy":"post_tag","embeddable":true,"href":"https:\/\/api-colomiers.com\/alainsavary\/wp-json\/wp\/v2\/tags?post=159"}],"curies":[{"name":"wp","href":"https:\/\/api.w.org\/{rel}","templated":true}]}}