{"id":1086,"date":"2024-06-17T20:00:18","date_gmt":"2024-06-17T20:00:18","guid":{"rendered":"https:\/\/api-colomiers.com\/alainsavary\/?p=1086"},"modified":"2024-06-17T20:00:19","modified_gmt":"2024-06-17T20:00:19","slug":"futurs-cp-reunion-dinformation-jeudi-20-juin-a-18-h","status":"publish","type":"post","link":"https:\/\/api-colomiers.com\/alainsavary\/2024\/06\/futurs-cp-reunion-dinformation-jeudi-20-juin-a-18-h\/","title":{"rendered":"Futurs CP : r\u00e9union d&#8217;information jeudi 20 juin \u00e0 18 h"},"content":{"rendered":"\n<p>La sortie des classes approche, il est d\u00e9j\u00e0 temps de pr\u00e9parer la rentr\u00e9e ! <\/p>\n\n\n\n<p>Pour les parents des futurs CP \u00e0 la rentr\u00e9e 2024, il est urgent de r\u00e9aliser votre inscription aupr\u00e8s de la mairie si ce n&#8217;est pas d\u00e9j\u00e0 fait !<\/p>\n\n\n\n<p>Une r\u00e9union de rentr\u00e9e est organis\u00e9e \u00e0 l&#8217;\u00e9cole \u00e9l\u00e9mentaire <strong>jeudi 20 juin \u00e0 18 h<\/strong>. Venez nombreux pour poser toutes vos questions !<\/p>\n\n\n\n<figure class=\"wp-block-image size-full is-resized\"><a href=\"https:\/\/api-colomiers.com\/alainsavary\/wp-content\/uploads\/2024\/06\/Reunion_rentreeCP.png\"><img loading=\"lazy\" src=\"https:\/\/api-colomiers.com\/alainsavary\/wp-content\/uploads\/2024\/06\/Reunion_rentreeCP.png\" alt=\"\" class=\"wp-image-1087\" width=\"489\" height=\"345\" srcset=\"https:\/\/api-colomiers.com\/alainsavary\/wp-content\/uploads\/2024\/06\/Reunion_rentreeCP.png 872w, https:\/\/api-colomiers.com\/alainsavary\/wp-content\/uploads\/2024\/06\/Reunion_rentreeCP-300x212.png 300w, https:\/\/api-colomiers.com\/alainsavary\/wp-content\/uploads\/2024\/06\/Reunion_rentreeCP-768x543.png 768w\" sizes=\"(max-width: 489px) 100vw, 489px\" \/><\/a><\/figure>\n","protected":false},"excerpt":{"rendered":"<p>La sortie des classes approche, il est d\u00e9j\u00e0 temps de pr\u00e9parer la rentr\u00e9e ! Pour les parents des futurs CP \u00e0 la rentr\u00e9e 2024, il est urgent de r\u00e9aliser votre inscription aupr\u00e8s de la mairie si ce n&#8217;est pas d\u00e9j\u00e0<\/p>\n","protected":false},"author":1,"featured_media":0,"comment_status":"closed","ping_status":"closed","sticky":false,"template":"","format":"standard","meta":[],"categories":[1],"tags":[],"_links":{"self":[{"href":"https:\/\/api-colomiers.com\/alainsavary\/wp-json\/wp\/v2\/posts\/1086"}],"collection":[{"href":"https:\/\/api-colomiers.com\/alainsavary\/wp-json\/wp\/v2\/posts"}],"about":[{"href":"https:\/\/api-colomiers.com\/alainsavary\/wp-json\/wp\/v2\/types\/post"}],"author":[{"embeddable":true,"href":"https:\/\/api-colomiers.com\/alainsavary\/wp-json\/wp\/v2\/users\/1"}],"replies":[{"embeddable":true,"href":"https:\/\/api-colomiers.com\/alainsavary\/wp-json\/wp\/v2\/comments?post=1086"}],"version-history":[{"count":1,"href":"https:\/\/api-colomiers.com\/alainsavary\/wp-json\/wp\/v2\/posts\/1086\/revisions"}],"predecessor-version":[{"id":1088,"href":"https:\/\/api-colomiers.com\/alainsavary\/wp-json\/wp\/v2\/posts\/1086\/revisions\/1088"}],"wp:attachment":[{"href":"https:\/\/api-colomiers.com\/alainsavary\/wp-json\/wp\/v2\/media?parent=1086"}],"wp:term":[{"taxonomy":"category","embeddable":true,"href":"https:\/\/api-colomiers.com\/alainsavary\/wp-json\/wp\/v2\/categories?post=1086"},{"taxonomy":"post_tag","embeddable":true,"href":"https:\/\/api-colomiers.com\/alainsavary\/wp-json\/wp\/v2\/tags?post=1086"}],"curies":[{"name":"wp","href":"https:\/\/api.w.org\/{rel}","templated":true}]}}